{"id":139207,"date":"2022-01-23T07:59:31","date_gmt":"2022-01-23T12:59:31","guid":{"rendered":"https:\/\/linitiative.ca\/International\/earth-and-sky-lance-une-unite-hoteliere-ecologique-a-marrakech\/"},"modified":"2022-01-23T07:59:31","modified_gmt":"2022-01-23T12:59:31","slug":"earth-and-sky-lance-une-unite-hoteliere-ecologique-a-marrakech","status":"publish","type":"post","link":"https:\/\/linitiative.ca\/International\/earth-and-sky-lance-une-unite-hoteliere-ecologique-a-marrakech\/","title":{"rendered":"Earth and Sky lance une unit\u00e9 h\u00f4teli\u00e8re \u00e9cologique \u00e0 Marrakech"},"content":{"rendered":"<div>\n<div class=\"field field-name-body field-type-text-with-summary field-label-hidden\">\n<div class=\"field-items\">\n<div class=\"field-item even\" property=\"content:encoded\">\n<p class=\"rtejustify\">La ville de Marrakech disposera d\u2019une unit\u00e9 h\u00f4teli\u00e8re \u00e9cologique. Ce projet, port\u00e9 la soci\u00e9t\u00e9 Earth and Sky, sera r\u00e9alis\u00e9 dans la zone de Sidi Abdellah Ghiat, \u00e0 environ 15 km de Marrakec. Il porte sur la construction d&rsquo;un nouvel h\u00f4tel \u00e9co responsable (55 chambres et suites) et plus globalement d\u2019un projet complexe durable. L\u2019investissement atteindra 35 millions de dollars, soit pr\u00e8s de 350 millions de DH, selon l\u2019investisseur et d\u00e9veloppeur suisse initiateur du projet, Michel Jean Menghetti.<\/p>\n<\/div>\n<\/div>\n<\/div>\n<\/div>\n<p>Auteur: hgueye<br \/>\n<a href=\"https:\/\/www.leconomiste.com\/flash-infos\/earth-and-sky-lance-une-unite-hoteliere-ecologique-marrakech\">Cliquez ici pour lire l&rsquo;article depuis sa source.<\/a><\/p>\n","protected":false},"excerpt":{"rendered":"<p>La ville de Marrakech disposera d\u2019une unit\u00e9 h\u00f4teli\u00e8re \u00e9cologique. Ce projet, port\u00e9 la soci\u00e9t\u00e9 Earth and Sky, sera r\u00e9alis\u00e9 dans la zone de Sidi Abdellah Ghiat, \u00e0 environ 15 km de Marrakec. Il porte sur la construction d&rsquo;un nouvel h\u00f4tel \u00e9co responsable (55 chambres et suites) et plus globalement d\u2019un projet complexe durable. L\u2019investissement atteindra [&hellip;]<\/p>\n","protected":false},"author":1763,"featured_media":0,"comment_status":"closed","ping_status":"closed","sticky":false,"template":"","format":"standard","meta":{"fifu_image_url":"","fifu_image_alt":"","footnotes":""},"categories":[78,54],"tags":[],"class_list":["post-139207","post","type-post","status-publish","format-standard","hentry","category-economie","category-maroc"],"_links":{"self":[{"href":"https:\/\/linitiative.ca\/International\/wp-json\/wp\/v2\/posts\/139207","targetHints":{"allow":["GET"]}}],"collection":[{"href":"https:\/\/linitiative.ca\/International\/wp-json\/wp\/v2\/posts"}],"about":[{"href":"https:\/\/linitiative.ca\/International\/wp-json\/wp\/v2\/types\/post"}],"author":[{"embeddable":true,"href":"https:\/\/linitiative.ca\/International\/wp-json\/wp\/v2\/users\/1763"}],"replies":[{"embeddable":true,"href":"https:\/\/linitiative.ca\/International\/wp-json\/wp\/v2\/comments?post=139207"}],"version-history":[{"count":0,"href":"https:\/\/linitiative.ca\/International\/wp-json\/wp\/v2\/posts\/139207\/revisions"}],"wp:attachment":[{"href":"https:\/\/linitiative.ca\/International\/wp-json\/wp\/v2\/media?parent=139207"}],"wp:term":[{"taxonomy":"category","embeddable":true,"href":"https:\/\/linitiative.ca\/International\/wp-json\/wp\/v2\/categories?post=139207"},{"taxonomy":"post_tag","embeddable":true,"href":"https:\/\/linitiative.ca\/International\/wp-json\/wp\/v2\/tags?post=139207"}],"curies":[{"name":"wp","href":"https:\/\/api.w.org\/{rel}","templated":true}]}}