{"id":139208,"date":"2022-01-23T10:50:44","date_gmt":"2022-01-23T15:50:44","guid":{"rendered":"https:\/\/linitiative.ca\/International\/covid-19-4-435-nouveaux-cas-et-19-deces-ce-dimanche-23-janvier-2022\/"},"modified":"2022-01-23T10:50:44","modified_gmt":"2022-01-23T15:50:44","slug":"covid-19-4-435-nouveaux-cas-et-19-deces-ce-dimanche-23-janvier-2022","status":"publish","type":"post","link":"https:\/\/linitiative.ca\/International\/covid-19-4-435-nouveaux-cas-et-19-deces-ce-dimanche-23-janvier-2022\/","title":{"rendered":"Covid-19: 4.435 nouveaux cas et 19 d\u00e9c\u00e8s ce dimanche 23 janvier 2022"},"content":{"rendered":"<div>\n<div class=\"field field-name-body field-type-text-with-summary field-label-hidden\">\n<div class=\"field-items\">\n<div class=\"field-item even\" property=\"content:encoded\">\n<p class=\"rtejustify\">Un total de 4.435 nouveaux cas d&rsquo;infection au nouveau coronavirus (Covid-19) et 7.758 gu\u00e9risons ont \u00e9t\u00e9 enregistr\u00e9s au Maroc pendant les derni\u00e8res 24 heures, a indiqu\u00e9 dimanche le minist\u00e8re de la Sant\u00e9 et de la protection sociale. Dans son bulletin quotidien sur la situation \u00e9pid\u00e9miologique, le minist\u00e8re a relev\u00e9 que le nombre des primo-vaccin\u00e9s a atteint 24.635.926, celui des personnes ayant re\u00e7u deux doses s&rsquo;\u00e9l\u00e8ve \u00e0 23.044.393, alors que 4.115.777 de personnes ont eu trois injections.<\/p>\n<\/div>\n<\/div>\n<\/div>\n<\/div>\n<p>Auteur: hgueye<br \/>\n<a href=\"https:\/\/www.leconomiste.com\/flash-infos\/covid-19-nouveaux-et-deces-ce-dimanche-23-janvier-2022\">Cliquez ici pour lire l&rsquo;article depuis sa source.<\/a><\/p>\n","protected":false},"excerpt":{"rendered":"<p>Un total de 4.435 nouveaux cas d&rsquo;infection au nouveau coronavirus (Covid-19) et 7.758 gu\u00e9risons ont \u00e9t\u00e9 enregistr\u00e9s au Maroc pendant les derni\u00e8res 24 heures, a indiqu\u00e9 dimanche le minist\u00e8re de la Sant\u00e9 et de la protection sociale. Dans son bulletin quotidien sur la situation \u00e9pid\u00e9miologique, le minist\u00e8re a relev\u00e9 que le nombre des primo-vaccin\u00e9s a [&hellip;]<\/p>\n","protected":false},"author":1763,"featured_media":0,"comment_status":"closed","ping_status":"closed","sticky":false,"template":"","format":"standard","meta":{"fifu_image_url":"","fifu_image_alt":"","footnotes":""},"categories":[78,54],"tags":[],"class_list":["post-139208","post","type-post","status-publish","format-standard","hentry","category-economie","category-maroc"],"_links":{"self":[{"href":"https:\/\/linitiative.ca\/International\/wp-json\/wp\/v2\/posts\/139208","targetHints":{"allow":["GET"]}}],"collection":[{"href":"https:\/\/linitiative.ca\/International\/wp-json\/wp\/v2\/posts"}],"about":[{"href":"https:\/\/linitiative.ca\/International\/wp-json\/wp\/v2\/types\/post"}],"author":[{"embeddable":true,"href":"https:\/\/linitiative.ca\/International\/wp-json\/wp\/v2\/users\/1763"}],"replies":[{"embeddable":true,"href":"https:\/\/linitiative.ca\/International\/wp-json\/wp\/v2\/comments?post=139208"}],"version-history":[{"count":0,"href":"https:\/\/linitiative.ca\/International\/wp-json\/wp\/v2\/posts\/139208\/revisions"}],"wp:attachment":[{"href":"https:\/\/linitiative.ca\/International\/wp-json\/wp\/v2\/media?parent=139208"}],"wp:term":[{"taxonomy":"category","embeddable":true,"href":"https:\/\/linitiative.ca\/International\/wp-json\/wp\/v2\/categories?post=139208"},{"taxonomy":"post_tag","embeddable":true,"href":"https:\/\/linitiative.ca\/International\/wp-json\/wp\/v2\/tags?post=139208"}],"curies":[{"name":"wp","href":"https:\/\/api.w.org\/{rel}","templated":true}]}}