{"id":139209,"date":"2022-01-23T12:18:21","date_gmt":"2022-01-23T17:18:21","guid":{"rendered":"https:\/\/linitiative.ca\/International\/la-fondation-des-oeuvres-sociales-de-leducation-devoile-son-bilan-de-2021\/"},"modified":"2022-01-23T12:18:21","modified_gmt":"2022-01-23T17:18:21","slug":"la-fondation-des-oeuvres-sociales-de-leducation-devoile-son-bilan-de-2021","status":"publish","type":"post","link":"https:\/\/linitiative.ca\/International\/la-fondation-des-oeuvres-sociales-de-leducation-devoile-son-bilan-de-2021\/","title":{"rendered":"La Fondation des \u0153uvres sociales de l\u2019Education d\u00e9voile son bilan de 2021"},"content":{"rendered":"<div>\n<div class=\"field field-name-body field-type-text-with-summary field-label-hidden\">\n<div class=\"field-items\">\n<div class=\"field-item even\" property=\"content:encoded\">\n<p class=\"rtejustify\">La Fondation Mohammed VI de promotion des \u0153uvres sociales de l\u2019\u00e9ducation-formation a tenu, la semaine derni\u00e8re, la 10e r\u00e9union de son comit\u00e9 directeur. La pr\u00e9sentation du bilan de ses activit\u00e9s pour l\u2019ann\u00e9e 2021 figure parmi les points de l\u2019ordre du jour de cette r\u00e9union. Ainsi, l\u2019ann\u00e9e pr\u00e9c\u00e9dente a \u00e9t\u00e9 marqu\u00e9e par l\u2019inauguration de 3 complexes touristiques \u00ab Zephyr \u00bb \u00e0 El Jadida, Ifrane et Agadir ainsi que du lancement de la deuxi\u00e8me \u00e9dition du programme \u00ab Nafida \u00bb et du nouveau programme d\u2019aide au financement \u00ab Yassir\u00bb.<\/p>\n<\/div>\n<\/div>\n<\/div>\n<\/div>\n<p>Auteur: hgueye<br \/>\n<a href=\"https:\/\/www.leconomiste.com\/flash-infos\/la-fondation-des-oeuvres-sociales-de-l-education-devoile-son-bilan-de-2021\">Cliquez ici pour lire l&rsquo;article depuis sa source.<\/a><\/p>\n","protected":false},"excerpt":{"rendered":"<p>La Fondation Mohammed VI de promotion des \u0153uvres sociales de l\u2019\u00e9ducation-formation a tenu, la semaine derni\u00e8re, la 10e r\u00e9union de son comit\u00e9 directeur. La pr\u00e9sentation du bilan de ses activit\u00e9s pour l\u2019ann\u00e9e 2021 figure parmi les points de l\u2019ordre du jour de cette r\u00e9union. Ainsi, l\u2019ann\u00e9e pr\u00e9c\u00e9dente a \u00e9t\u00e9 marqu\u00e9e par l\u2019inauguration de 3 complexes [&hellip;]<\/p>\n","protected":false},"author":1763,"featured_media":0,"comment_status":"closed","ping_status":"closed","sticky":false,"template":"","format":"standard","meta":{"fifu_image_url":"","fifu_image_alt":"","footnotes":""},"categories":[78,54],"tags":[],"class_list":["post-139209","post","type-post","status-publish","format-standard","hentry","category-economie","category-maroc"],"_links":{"self":[{"href":"https:\/\/linitiative.ca\/International\/wp-json\/wp\/v2\/posts\/139209","targetHints":{"allow":["GET"]}}],"collection":[{"href":"https:\/\/linitiative.ca\/International\/wp-json\/wp\/v2\/posts"}],"about":[{"href":"https:\/\/linitiative.ca\/International\/wp-json\/wp\/v2\/types\/post"}],"author":[{"embeddable":true,"href":"https:\/\/linitiative.ca\/International\/wp-json\/wp\/v2\/users\/1763"}],"replies":[{"embeddable":true,"href":"https:\/\/linitiative.ca\/International\/wp-json\/wp\/v2\/comments?post=139209"}],"version-history":[{"count":0,"href":"https:\/\/linitiative.ca\/International\/wp-json\/wp\/v2\/posts\/139209\/revisions"}],"wp:attachment":[{"href":"https:\/\/linitiative.ca\/International\/wp-json\/wp\/v2\/media?parent=139209"}],"wp:term":[{"taxonomy":"category","embeddable":true,"href":"https:\/\/linitiative.ca\/International\/wp-json\/wp\/v2\/categories?post=139209"},{"taxonomy":"post_tag","embeddable":true,"href":"https:\/\/linitiative.ca\/International\/wp-json\/wp\/v2\/tags?post=139209"}],"curies":[{"name":"wp","href":"https:\/\/api.w.org\/{rel}","templated":true}]}}