{"id":139213,"date":"2022-01-23T11:52:00","date_gmt":"2022-01-23T16:52:00","guid":{"rendered":"https:\/\/linitiative.ca\/International\/baghdad-bounedjah-et-youcef-belaili-les-nouveaux-ambassadeurs-des-nouilles-jumbo-en-algerie\/"},"modified":"2022-01-23T11:52:00","modified_gmt":"2022-01-23T16:52:00","slug":"baghdad-bounedjah-et-youcef-belaili-les-nouveaux-ambassadeurs-des-nouilles-jumbo-en-algerie","status":"publish","type":"post","link":"https:\/\/linitiative.ca\/International\/baghdad-bounedjah-et-youcef-belaili-les-nouveaux-ambassadeurs-des-nouilles-jumbo-en-algerie\/","title":{"rendered":"Baghdad BOUNEDJAH et Youcef BELAILI, les nouveaux ambassadeurs des nouilles Jumbo en Alg\u00e9rie\u00a0!"},"content":{"rendered":"<div>D\u00e9j\u00e0 complices sur le terrain et dans la vraie vie, les deux nouvelles \u00e9g\u00e9ries des nouilles de la marque Jumbo se d\u00e9voilent dans une nouvelle campagne publicitaire qui nous met l\u2019eau \u00e0 la bouche au rythme des saveurs de la marque.<\/div>\n<p>Auteur:<br \/>\n<a href=\"https:\/\/www.lebuteur.com\/article\/detail?titre=baghdad-bounedjah-et-youcef-belaili-les-nouveaux-ambassadeurs-des-nouilles-jumbo-en-algerie%C2%A0&#038;id=102136\">Cliquez ici pour lire l&rsquo;article depuis sa source.<\/a><\/p>\n","protected":false},"excerpt":{"rendered":"<p>D\u00e9j\u00e0 complices sur le terrain et dans la vraie vie, les deux nouvelles \u00e9g\u00e9ries des nouilles de la marque Jumbo se d\u00e9voilent dans une nouvelle campagne publicitaire qui nous met l\u2019eau \u00e0 la bouche au rythme des saveurs de la marque. Auteur: Cliquez ici pour lire l&rsquo;article depuis sa source.<\/p>\n","protected":false},"author":1738,"featured_media":0,"comment_status":"closed","ping_status":"closed","sticky":false,"template":"","format":"standard","meta":{"fifu_image_url":"","fifu_image_alt":"","footnotes":""},"categories":[53,75],"tags":[],"class_list":["post-139213","post","type-post","status-publish","format-standard","hentry","category-algerie","category-sport"],"_links":{"self":[{"href":"https:\/\/linitiative.ca\/International\/wp-json\/wp\/v2\/posts\/139213","targetHints":{"allow":["GET"]}}],"collection":[{"href":"https:\/\/linitiative.ca\/International\/wp-json\/wp\/v2\/posts"}],"about":[{"href":"https:\/\/linitiative.ca\/International\/wp-json\/wp\/v2\/types\/post"}],"author":[{"embeddable":true,"href":"https:\/\/linitiative.ca\/International\/wp-json\/wp\/v2\/users\/1738"}],"replies":[{"embeddable":true,"href":"https:\/\/linitiative.ca\/International\/wp-json\/wp\/v2\/comments?post=139213"}],"version-history":[{"count":0,"href":"https:\/\/linitiative.ca\/International\/wp-json\/wp\/v2\/posts\/139213\/revisions"}],"wp:attachment":[{"href":"https:\/\/linitiative.ca\/International\/wp-json\/wp\/v2\/media?parent=139213"}],"wp:term":[{"taxonomy":"category","embeddable":true,"href":"https:\/\/linitiative.ca\/International\/wp-json\/wp\/v2\/categories?post=139213"},{"taxonomy":"post_tag","embeddable":true,"href":"https:\/\/linitiative.ca\/International\/wp-json\/wp\/v2\/tags?post=139213"}],"curies":[{"name":"wp","href":"https:\/\/api.w.org\/{rel}","templated":true}]}}