{"id":139214,"date":"2022-01-23T14:08:00","date_gmt":"2022-01-23T19:08:00","guid":{"rendered":"https:\/\/linitiative.ca\/International\/can-2021-le-burkina-faso-premiere-equipe-qualifiee-pour-les-quarts\/"},"modified":"2022-01-23T14:08:00","modified_gmt":"2022-01-23T19:08:00","slug":"can-2021-le-burkina-faso-premiere-equipe-qualifiee-pour-les-quarts","status":"publish","type":"post","link":"https:\/\/linitiative.ca\/International\/can-2021-le-burkina-faso-premiere-equipe-qualifiee-pour-les-quarts\/","title":{"rendered":"CAN 2021 : Le Burkina Faso premi\u00e8re \u00e9quipe qualifi\u00e9e pour les quarts"},"content":{"rendered":"<div>Le premier 8e de finale de la CAN a tenu toutes ses promesses ! A Limb\u00e9, le Burkina Faso a difficilement pris le dessus sur le Gabon (1-1, 7-6 tab), ce dimanche<\/div>\n<p>Auteur:<br \/>\n<a href=\"https:\/\/www.lebuteur.com\/article\/detail?titre=can-2021-le-burkina-faso-premiere-equipe-qualifiee-pour-les-quarts&#038;id=102137\">Cliquez ici pour lire l&rsquo;article depuis sa source.<\/a><\/p>\n","protected":false},"excerpt":{"rendered":"<p>Le premier 8e de finale de la CAN a tenu toutes ses promesses ! A Limb\u00e9, le Burkina Faso a difficilement pris le dessus sur le Gabon (1-1, 7-6 tab), ce dimanche Auteur: Cliquez ici pour lire l&rsquo;article depuis sa source.<\/p>\n","protected":false},"author":1738,"featured_media":0,"comment_status":"closed","ping_status":"closed","sticky":false,"template":"","format":"standard","meta":{"fifu_image_url":"","fifu_image_alt":"","footnotes":""},"categories":[53,75],"tags":[],"class_list":["post-139214","post","type-post","status-publish","format-standard","hentry","category-algerie","category-sport"],"_links":{"self":[{"href":"https:\/\/linitiative.ca\/International\/wp-json\/wp\/v2\/posts\/139214","targetHints":{"allow":["GET"]}}],"collection":[{"href":"https:\/\/linitiative.ca\/International\/wp-json\/wp\/v2\/posts"}],"about":[{"href":"https:\/\/linitiative.ca\/International\/wp-json\/wp\/v2\/types\/post"}],"author":[{"embeddable":true,"href":"https:\/\/linitiative.ca\/International\/wp-json\/wp\/v2\/users\/1738"}],"replies":[{"embeddable":true,"href":"https:\/\/linitiative.ca\/International\/wp-json\/wp\/v2\/comments?post=139214"}],"version-history":[{"count":0,"href":"https:\/\/linitiative.ca\/International\/wp-json\/wp\/v2\/posts\/139214\/revisions"}],"wp:attachment":[{"href":"https:\/\/linitiative.ca\/International\/wp-json\/wp\/v2\/media?parent=139214"}],"wp:term":[{"taxonomy":"category","embeddable":true,"href":"https:\/\/linitiative.ca\/International\/wp-json\/wp\/v2\/categories?post=139214"},{"taxonomy":"post_tag","embeddable":true,"href":"https:\/\/linitiative.ca\/International\/wp-json\/wp\/v2\/tags?post=139214"}],"curies":[{"name":"wp","href":"https:\/\/api.w.org\/{rel}","templated":true}]}}