{"id":139217,"date":"2022-01-23T03:00:00","date_gmt":"2022-01-23T08:00:00","guid":{"rendered":"https:\/\/linitiative.ca\/International\/linflation-mondiale-elevee-devrait-se-stabiliser-a-moyen-terme\/"},"modified":"2022-01-23T03:00:00","modified_gmt":"2022-01-23T08:00:00","slug":"linflation-mondiale-elevee-devrait-se-stabiliser-a-moyen-terme","status":"publish","type":"post","link":"https:\/\/linitiative.ca\/International\/linflation-mondiale-elevee-devrait-se-stabiliser-a-moyen-terme\/","title":{"rendered":"L&rsquo;inflation mondiale \u00e9lev\u00e9e devrait se stabiliser \u00e0 moyen terme"},"content":{"rendered":"<div><img decoding=\"async\" src=\"https:\/\/linitiative.ca\/International\/wp-content\/uploads\/sites\/23\/2022\/01\/1642779754_article.jpg\" alt=\"L\" inflation mondiale devrait se stabiliser moyen terme align=\"left\">La combinaison d&rsquo;une croissance soutenue de la demande mondiale et de contraintes d&rsquo;approvisionnement en biens et services li\u00e9es \u00e0 la pand\u00e9mie a entra\u00een\u00e9 une hausse significative des prix \u00e0 la consommation. En fait, l&rsquo;inflation mondiale, mesur\u00e9e par l&rsquo;indice des prix \u00e0 la consommation (IPC) de l&rsquo;Organisation de Coop\u00e9ration et de D\u00e9veloppement Economiques (OCDE), a grimp\u00e9 de 5,8 % en glissement annuel (g\/a), un taux jamais atteint depuis des d\u00e9cennies. Il est important de noter que la plupart des \u00e9conomies avanc\u00e9es, \u00e0 l&rsquo;exception du Japon, connaissent une inflation rapide (voir les graphiques I et II).<br \/>\nDans ce contexte, les investisseurs et les \u00e9conomistes se demandent si le &#8230;<\/p>\n<\/div>\n<p>Auteur:<br \/>\n<a href=\"https:\/\/www.leaders.com.tn\/article\/32891-l-inflation-mondiale-elevee-devrait-se-stabiliser-a-moyen-terme\">Cliquez ici pour lire l&rsquo;article depuis sa source.<\/a><\/p>\n","protected":false},"excerpt":{"rendered":"<p>La combinaison d&rsquo;une croissance soutenue de la demande mondiale et de contraintes d&rsquo;approvisionnement en biens et services li\u00e9es \u00e0 la pand\u00e9mie a entra\u00een\u00e9 une hausse significative des prix \u00e0 la consommation. En fait, l&rsquo;inflation mondiale, mesur\u00e9e par l&rsquo;indice des prix \u00e0 la consommation (IPC) de l&rsquo;Organisation de Coop\u00e9ration et de D\u00e9veloppement Economiques (OCDE), a grimp\u00e9 [&hellip;]<\/p>\n","protected":false},"author":1772,"featured_media":0,"comment_status":"closed","ping_status":"closed","sticky":false,"template":"","format":"standard","meta":{"fifu_image_url":"http:\/\/www.leaders.com.tn\/uploads\/content\/thumbnails_small\/1642779754_article.jpg","fifu_image_alt":"<div>L'inflation mondiale \u00e9lev\u00e9e devrait se stabiliser \u00e0 moyen terme<\/div>","footnotes":""},"categories":[73,55],"tags":[],"class_list":["post-139217","post","type-post","status-publish","format-standard","hentry","category-actualite","category-tunisie"],"_links":{"self":[{"href":"https:\/\/linitiative.ca\/International\/wp-json\/wp\/v2\/posts\/139217","targetHints":{"allow":["GET"]}}],"collection":[{"href":"https:\/\/linitiative.ca\/International\/wp-json\/wp\/v2\/posts"}],"about":[{"href":"https:\/\/linitiative.ca\/International\/wp-json\/wp\/v2\/types\/post"}],"author":[{"embeddable":true,"href":"https:\/\/linitiative.ca\/International\/wp-json\/wp\/v2\/users\/1772"}],"replies":[{"embeddable":true,"href":"https:\/\/linitiative.ca\/International\/wp-json\/wp\/v2\/comments?post=139217"}],"version-history":[{"count":0,"href":"https:\/\/linitiative.ca\/International\/wp-json\/wp\/v2\/posts\/139217\/revisions"}],"wp:attachment":[{"href":"https:\/\/linitiative.ca\/International\/wp-json\/wp\/v2\/media?parent=139217"}],"wp:term":[{"taxonomy":"category","embeddable":true,"href":"https:\/\/linitiative.ca\/International\/wp-json\/wp\/v2\/categories?post=139217"},{"taxonomy":"post_tag","embeddable":true,"href":"https:\/\/linitiative.ca\/International\/wp-json\/wp\/v2\/tags?post=139217"}],"curies":[{"name":"wp","href":"https:\/\/api.w.org\/{rel}","templated":true}]}}