{"id":139221,"date":"2022-01-23T05:00:00","date_gmt":"2022-01-23T10:00:00","guid":{"rendered":"https:\/\/linitiative.ca\/International\/la-faf-prend-ses-precautions\/"},"modified":"2022-01-23T05:00:00","modified_gmt":"2022-01-23T10:00:00","slug":"la-faf-prend-ses-precautions","status":"publish","type":"post","link":"https:\/\/linitiative.ca\/International\/la-faf-prend-ses-precautions\/","title":{"rendered":"La FAF prend ses pr\u00e9cautions"},"content":{"rendered":"<div>La F\u00e9d\u00e9ration alg\u00e9rienne de football exige, d\u00e9sormais, des tests PCR de moins de 48 heures avant le jour du match, pour l\u2019ensemble des arbitres d\u00e9sign\u00e9s pour officier les rencontres des diff\u00e9rents championnats.<\/div>\n<p>Auteur:<br \/>\n<a href=\"https:\/\/www.lesoirdalgerie.com\/periscoop\/la-faf-prend-ses-precautions-74137\">Cliquez ici pour lire l&rsquo;article depuis sa source.<\/a><\/p>\n","protected":false},"excerpt":{"rendered":"<p>La F\u00e9d\u00e9ration alg\u00e9rienne de football exige, d\u00e9sormais, des tests PCR de moins de 48 heures avant le jour du match, pour l\u2019ensemble des arbitres d\u00e9sign\u00e9s pour officier les rencontres des diff\u00e9rents championnats. Auteur: Cliquez ici pour lire l&rsquo;article depuis sa source.<\/p>\n","protected":false},"author":1741,"featured_media":0,"comment_status":"closed","ping_status":"closed","sticky":false,"template":"","format":"standard","meta":{"fifu_image_url":"","fifu_image_alt":"","footnotes":""},"categories":[73,53],"tags":[],"class_list":["post-139221","post","type-post","status-publish","format-standard","hentry","category-actualite","category-algerie"],"_links":{"self":[{"href":"https:\/\/linitiative.ca\/International\/wp-json\/wp\/v2\/posts\/139221","targetHints":{"allow":["GET"]}}],"collection":[{"href":"https:\/\/linitiative.ca\/International\/wp-json\/wp\/v2\/posts"}],"about":[{"href":"https:\/\/linitiative.ca\/International\/wp-json\/wp\/v2\/types\/post"}],"author":[{"embeddable":true,"href":"https:\/\/linitiative.ca\/International\/wp-json\/wp\/v2\/users\/1741"}],"replies":[{"embeddable":true,"href":"https:\/\/linitiative.ca\/International\/wp-json\/wp\/v2\/comments?post=139221"}],"version-history":[{"count":0,"href":"https:\/\/linitiative.ca\/International\/wp-json\/wp\/v2\/posts\/139221\/revisions"}],"wp:attachment":[{"href":"https:\/\/linitiative.ca\/International\/wp-json\/wp\/v2\/media?parent=139221"}],"wp:term":[{"taxonomy":"category","embeddable":true,"href":"https:\/\/linitiative.ca\/International\/wp-json\/wp\/v2\/categories?post=139221"},{"taxonomy":"post_tag","embeddable":true,"href":"https:\/\/linitiative.ca\/International\/wp-json\/wp\/v2\/tags?post=139221"}],"curies":[{"name":"wp","href":"https:\/\/api.w.org\/{rel}","templated":true}]}}