{"id":139226,"date":"2022-01-23T08:28:31","date_gmt":"2022-01-23T13:28:31","guid":{"rendered":"https:\/\/linitiative.ca\/International\/omicron-voici-la-partie-du-corps-ou-le-variant-frappe-en-premier\/"},"modified":"2022-01-23T08:28:31","modified_gmt":"2022-01-23T13:28:31","slug":"omicron-voici-la-partie-du-corps-ou-le-variant-frappe-en-premier","status":"publish","type":"post","link":"https:\/\/linitiative.ca\/International\/omicron-voici-la-partie-du-corps-ou-le-variant-frappe-en-premier\/","title":{"rendered":"Omicron : Voici la partie du corps o\u00f9 le variant frappe en premier"},"content":{"rendered":"<div><img decoding=\"async\" width=\"675\" height=\"456\" src=\"https:\/\/linitiative.ca\/International\/wp-content\/uploads\/sites\/23\/2022\/01\/OMICRON-1.jpg\" class=\"attachment-post-thumbnail size-post-thumbnail wp-post-image\" alt=\"\" loading=\"lazy\" srcset=\"https:\/\/linitiative.ca\/International\/wp-content\/uploads\/sites\/23\/2022\/01\/OMICRON-1.jpg 675w, https:\/\/www.challenge.ma\/wp-content\/uploads\/2022\/01\/OMICRON-1-300x203.jpg 300w, https:\/\/www.challenge.ma\/wp-content\/uploads\/2022\/01\/OMICRON-1-360x243.jpg 360w\" sizes=\"auto, (max-width: 675px) 100vw, 675px\" itemprop=\"image\">D\u2019apr\u00e8s une \u00e9tude norv\u00e9gienne, confirm\u00e9e par une \u00e9tude am\u00e9ricaine, contrairement \u00e0 ce que l\u2019on croit, les voies nasales ne sont pas la premi\u00e8re voie d\u2019entr\u00e9e du virus avec le variant Omicron.\u00a0\u00a0 Voil\u00e0 deux ans que le monde lutte contre l\u2019\u00e9pid\u00e9mie de la Covid-19. Et comme si \u00e7a ne suffisait pas,<\/div>\n<p>Auteur: challenge<br \/>\n<a href=\"https:\/\/www.challenge.ma\/omicron-voici-la-partie-du-corps-ou-le-variant-frappe-en-premier-231195\/\">Cliquez ici pour lire l&rsquo;article depuis sa source.<\/a><\/p>\n","protected":false},"excerpt":{"rendered":"<p>D\u2019apr\u00e8s une \u00e9tude norv\u00e9gienne, confirm\u00e9e par une \u00e9tude am\u00e9ricaine, contrairement \u00e0 ce que l\u2019on croit, les voies nasales ne sont pas la premi\u00e8re voie d\u2019entr\u00e9e du virus avec le variant Omicron.\u00a0\u00a0 Voil\u00e0 deux ans que le monde lutte contre l\u2019\u00e9pid\u00e9mie de la Covid-19. Et comme si \u00e7a ne suffisait pas, Auteur: challenge Cliquez ici pour [&hellip;]<\/p>\n","protected":false},"author":1787,"featured_media":0,"comment_status":"closed","ping_status":"closed","sticky":false,"template":"","format":"standard","meta":{"fifu_image_url":"https:\/\/www.challenge.ma\/wp-content\/uploads\/2022\/01\/OMICRON-1.jpg","fifu_image_alt":"Omicron : Voici la partie du corps o\u00f9 le variant frappe en premier","footnotes":""},"categories":[78,54],"tags":[],"class_list":["post-139226","post","type-post","status-publish","format-standard","hentry","category-economie","category-maroc"],"_links":{"self":[{"href":"https:\/\/linitiative.ca\/International\/wp-json\/wp\/v2\/posts\/139226","targetHints":{"allow":["GET"]}}],"collection":[{"href":"https:\/\/linitiative.ca\/International\/wp-json\/wp\/v2\/posts"}],"about":[{"href":"https:\/\/linitiative.ca\/International\/wp-json\/wp\/v2\/types\/post"}],"author":[{"embeddable":true,"href":"https:\/\/linitiative.ca\/International\/wp-json\/wp\/v2\/users\/1787"}],"replies":[{"embeddable":true,"href":"https:\/\/linitiative.ca\/International\/wp-json\/wp\/v2\/comments?post=139226"}],"version-history":[{"count":0,"href":"https:\/\/linitiative.ca\/International\/wp-json\/wp\/v2\/posts\/139226\/revisions"}],"wp:attachment":[{"href":"https:\/\/linitiative.ca\/International\/wp-json\/wp\/v2\/media?parent=139226"}],"wp:term":[{"taxonomy":"category","embeddable":true,"href":"https:\/\/linitiative.ca\/International\/wp-json\/wp\/v2\/categories?post=139226"},{"taxonomy":"post_tag","embeddable":true,"href":"https:\/\/linitiative.ca\/International\/wp-json\/wp\/v2\/tags?post=139226"}],"curies":[{"name":"wp","href":"https:\/\/api.w.org\/{rel}","templated":true}]}}