{"id":139228,"date":"2022-01-23T08:43:56","date_gmt":"2022-01-23T13:43:56","guid":{"rendered":"https:\/\/linitiative.ca\/International\/mondial-qatar-2022-vahid-halilhodzic-le-match-contre-la-rd-congo-ce-sera-du-50-50\/"},"modified":"2022-01-23T08:43:56","modified_gmt":"2022-01-23T13:43:56","slug":"mondial-qatar-2022-vahid-halilhodzic-le-match-contre-la-rd-congo-ce-sera-du-50-50","status":"publish","type":"post","link":"https:\/\/linitiative.ca\/International\/mondial-qatar-2022-vahid-halilhodzic-le-match-contre-la-rd-congo-ce-sera-du-50-50\/","title":{"rendered":"Mondial (Qatar-2022). Vahid Halilhod\u017ei\u0107 :  \u00abLe match contre la RD Congo, ce sera du 50-50\u00bb"},"content":{"rendered":"<div><img decoding=\"async\" width=\"1200\" height=\"600\" src=\"https:\/\/linitiative.ca\/International\/wp-content\/uploads\/sites\/23\/2022\/01\/FOOT.jpg\" class=\"attachment-post-thumbnail size-post-thumbnail wp-post-image\" alt=\"\" loading=\"lazy\" srcset=\"https:\/\/linitiative.ca\/International\/wp-content\/uploads\/sites\/23\/2022\/01\/FOOT.jpg 1200w, https:\/\/www.challenge.ma\/wp-content\/uploads\/2022\/01\/FOOT-300x150.jpg 300w, https:\/\/www.challenge.ma\/wp-content\/uploads\/2022\/01\/FOOT-1024x512.jpg 1024w, https:\/\/www.challenge.ma\/wp-content\/uploads\/2022\/01\/FOOT-768x384.jpg 768w, https:\/\/www.challenge.ma\/wp-content\/uploads\/2022\/01\/FOOT-360x180.jpg 360w, https:\/\/www.challenge.ma\/wp-content\/uploads\/2022\/01\/FOOT-750x375.jpg 750w\" sizes=\"auto, (max-width: 1200px) 100vw, 1200px\" itemprop=\"image\">Le s\u00e9lectionneur national, Vahid Halilhod\u017ei\u0107, a affirm\u00e9, hier samedi 22 janvier \u00e0 Yaound\u00e9 au Cameroun, que le match des Lions de l\u2019Atlas contre la R\u00e9publique d\u00e9mocratique du Congo (RDC) pour le compte des barrages du Mondial (Qatar-2022), \u00ab\u00a0sera du 50-50 entre les deux s\u00e9lections et que le tirage aurait pu<\/div>\n<p>Auteur: challenge<br \/>\n<a href=\"https:\/\/www.challenge.ma\/mondial-qatar-2022-vahid-halilhodzic-le-match-contre-la-rd-congo-ce-sera-du-50-50-231203\/\">Cliquez ici pour lire l&rsquo;article depuis sa source.<\/a><\/p>\n","protected":false},"excerpt":{"rendered":"<p>Le s\u00e9lectionneur national, Vahid Halilhod\u017ei\u0107, a affirm\u00e9, hier samedi 22 janvier \u00e0 Yaound\u00e9 au Cameroun, que le match des Lions de l\u2019Atlas contre la R\u00e9publique d\u00e9mocratique du Congo (RDC) pour le compte des barrages du Mondial (Qatar-2022), \u00ab\u00a0sera du 50-50 entre les deux s\u00e9lections et que le tirage aurait pu Auteur: challenge Cliquez ici pour [&hellip;]<\/p>\n","protected":false},"author":1787,"featured_media":0,"comment_status":"closed","ping_status":"closed","sticky":false,"template":"","format":"standard","meta":{"fifu_image_url":"https:\/\/www.challenge.ma\/wp-content\/uploads\/2022\/01\/FOOT.jpg","fifu_image_alt":"Mondial (Qatar-2022). Vahid Halilhod\u017ei\u0107 :  \u00abLe match contre la RD Congo, ce sera du 50-50\u00bb","footnotes":""},"categories":[78,54],"tags":[],"class_list":["post-139228","post","type-post","status-publish","format-standard","hentry","category-economie","category-maroc"],"_links":{"self":[{"href":"https:\/\/linitiative.ca\/International\/wp-json\/wp\/v2\/posts\/139228","targetHints":{"allow":["GET"]}}],"collection":[{"href":"https:\/\/linitiative.ca\/International\/wp-json\/wp\/v2\/posts"}],"about":[{"href":"https:\/\/linitiative.ca\/International\/wp-json\/wp\/v2\/types\/post"}],"author":[{"embeddable":true,"href":"https:\/\/linitiative.ca\/International\/wp-json\/wp\/v2\/users\/1787"}],"replies":[{"embeddable":true,"href":"https:\/\/linitiative.ca\/International\/wp-json\/wp\/v2\/comments?post=139228"}],"version-history":[{"count":0,"href":"https:\/\/linitiative.ca\/International\/wp-json\/wp\/v2\/posts\/139228\/revisions"}],"wp:attachment":[{"href":"https:\/\/linitiative.ca\/International\/wp-json\/wp\/v2\/media?parent=139228"}],"wp:term":[{"taxonomy":"category","embeddable":true,"href":"https:\/\/linitiative.ca\/International\/wp-json\/wp\/v2\/categories?post=139228"},{"taxonomy":"post_tag","embeddable":true,"href":"https:\/\/linitiative.ca\/International\/wp-json\/wp\/v2\/tags?post=139228"}],"curies":[{"name":"wp","href":"https:\/\/api.w.org\/{rel}","templated":true}]}}