{"id":13923,"date":"2019-02-13T15:19:12","date_gmt":"2019-02-13T20:19:12","guid":{"rendered":"https:\/\/linitiative.ca\/International\/le-president-de-la-republique-nomme-m-abdelkader-kara-bouhadba-nouveau-dgsn\/"},"modified":"2019-02-13T15:19:12","modified_gmt":"2019-02-13T20:19:12","slug":"le-president-de-la-republique-nomme-m-abdelkader-kara-bouhadba-nouveau-dgsn","status":"publish","type":"post","link":"https:\/\/linitiative.ca\/International\/le-president-de-la-republique-nomme-m-abdelkader-kara-bouhadba-nouveau-dgsn\/","title":{"rendered":"Le pr\u00e9sident de la r\u00e9publique nomme M. Abdelkader Kara Bouhadba nouveau DGSN"},"content":{"rendered":"<p>Le Pr\u00e9sident de la R\u00e9publique, Abdelaziz Bouteflika, a proc\u00e9d\u00e9 \u00e0 la nomination de M. Abdelkader Kara Bouhadba, en qualit\u00e9 de directeur g\u00e9n\u00e9ral de la S\u00fbret\u00e9 nationale (DGSN), en remplacement de M. Mustapha Lahbiri, a indiqu\u00e9 hier un communiqu\u00e9 du minist\u00e8re de l&rsquo;Int\u00e9rieur, des Collectivit\u00e9s locales et de l&rsquo;Am\u00e9nagement du territoire. \u00abConform\u00e9ment aux dispositions de l&rsquo;article 92 de la Constitution, Son Excellence Monsieur Abdelaziz Bouteflika, Pr\u00e9sident de la R\u00e9publique, a proc\u00e9d\u00e9 \u00e0 la nomination de Monsieur Bouhadba Abdelkader Kara, en qualit\u00e9 de directeur g\u00e9n\u00e9ral de la S\u00fbret\u00e9 nationale, en remplacement de Monsieur Lahbiri Lakhdar, appel\u00e9 \u00e0 exercer d&rsquo;autres fonctions\u00bb.<\/p>\n<p>Auteur: elmoudjahid<br \/>\n<a href=\"http:\/\/www.elmoudjahid.com\/fr\/actualites\/133752\">Cliquez ici pour lire l&rsquo;article depuis sa source.<\/a><\/p>\n","protected":false},"excerpt":{"rendered":"<p>Le Pr\u00e9sident de la R\u00e9publique, Abdelaziz Bouteflika, a proc\u00e9d\u00e9 \u00e0 la nomination de M. Abdelkader Kara Bouhadba, en qualit\u00e9 de directeur g\u00e9n\u00e9ral de la S\u00fbret\u00e9 nationale (DGSN), en remplacement de M. Mustapha Lahbiri, a indiqu\u00e9 hier un communiqu\u00e9 du minist\u00e8re de l&rsquo;Int\u00e9rieur, des Collectivit\u00e9s locales et de l&rsquo;Am\u00e9nagement du territoire. \u00abConform\u00e9ment aux dispositions de l&rsquo;article [&hellip;]<\/p>\n","protected":false},"author":1744,"featured_media":0,"comment_status":"closed","ping_status":"closed","sticky":false,"template":"","format":"standard","meta":{"fifu_image_url":"","fifu_image_alt":"","footnotes":""},"categories":[73,53],"tags":[],"class_list":["post-13923","post","type-post","status-publish","format-standard","hentry","category-actualite","category-algerie"],"_links":{"self":[{"href":"https:\/\/linitiative.ca\/International\/wp-json\/wp\/v2\/posts\/13923","targetHints":{"allow":["GET"]}}],"collection":[{"href":"https:\/\/linitiative.ca\/International\/wp-json\/wp\/v2\/posts"}],"about":[{"href":"https:\/\/linitiative.ca\/International\/wp-json\/wp\/v2\/types\/post"}],"author":[{"embeddable":true,"href":"https:\/\/linitiative.ca\/International\/wp-json\/wp\/v2\/users\/1744"}],"replies":[{"embeddable":true,"href":"https:\/\/linitiative.ca\/International\/wp-json\/wp\/v2\/comments?post=13923"}],"version-history":[{"count":0,"href":"https:\/\/linitiative.ca\/International\/wp-json\/wp\/v2\/posts\/13923\/revisions"}],"wp:attachment":[{"href":"https:\/\/linitiative.ca\/International\/wp-json\/wp\/v2\/media?parent=13923"}],"wp:term":[{"taxonomy":"category","embeddable":true,"href":"https:\/\/linitiative.ca\/International\/wp-json\/wp\/v2\/categories?post=13923"},{"taxonomy":"post_tag","embeddable":true,"href":"https:\/\/linitiative.ca\/International\/wp-json\/wp\/v2\/tags?post=13923"}],"curies":[{"name":"wp","href":"https:\/\/api.w.org\/{rel}","templated":true}]}}