{"id":139232,"date":"2022-01-23T15:01:06","date_gmt":"2022-01-23T20:01:06","guid":{"rendered":"https:\/\/linitiative.ca\/International\/banque-mondiale-voici-les-risques-auxquels-le-maroc-peut-faire-face\/"},"modified":"2022-01-23T15:01:06","modified_gmt":"2022-01-23T20:01:06","slug":"banque-mondiale-voici-les-risques-auxquels-le-maroc-peut-faire-face","status":"publish","type":"post","link":"https:\/\/linitiative.ca\/International\/banque-mondiale-voici-les-risques-auxquels-le-maroc-peut-faire-face\/","title":{"rendered":"Banque mondiale. Voici les risques auxquels le Maroc peut faire face"},"content":{"rendered":"<div><img decoding=\"async\" width=\"780\" height=\"468\" src=\"https:\/\/linitiative.ca\/International\/wp-content\/uploads\/sites\/23\/2022\/01\/9e-Assises_Agriculture.jpeg\" class=\"attachment-post-thumbnail size-post-thumbnail wp-post-image\" alt=\"\" loading=\"lazy\" srcset=\"https:\/\/linitiative.ca\/International\/wp-content\/uploads\/sites\/23\/2022\/01\/9e-Assises_Agriculture.jpeg 780w, https:\/\/www.challenge.ma\/wp-content\/uploads\/2022\/01\/9e-Assises_Agriculture-300x180.jpeg 300w, https:\/\/www.challenge.ma\/wp-content\/uploads\/2022\/01\/9e-Assises_Agriculture-768x461.jpeg 768w, https:\/\/www.challenge.ma\/wp-content\/uploads\/2022\/01\/9e-Assises_Agriculture-360x216.jpeg 360w, https:\/\/www.challenge.ma\/wp-content\/uploads\/2022\/01\/9e-Assises_Agriculture-750x450.jpeg 750w\" sizes=\"auto, (max-width: 780px) 100vw, 780px\" itemprop=\"image\">La crise des ressources naturelles r\u00e9sultant de la surexploitation ou de la mauvaise gestion de ces derni\u00e8res est le premier d\u00e9fi auquel le Maroc sera probablement confront\u00e9 dans le monde post-pand\u00e9mique, selon un r\u00e9cent rapport de la Banque mondiale. Selon le rapport, qui refl\u00e8te les tendances mondiales, les risques environnementaux<\/div>\n<p>Auteur: Azeroual Siham<br \/>\n<a href=\"https:\/\/www.challenge.ma\/post-covid-voici-les-risques-auxquels-le-maroc-peut-faire-face-231221\/\">Cliquez ici pour lire l&rsquo;article depuis sa source.<\/a><\/p>\n","protected":false},"excerpt":{"rendered":"<p>La crise des ressources naturelles r\u00e9sultant de la surexploitation ou de la mauvaise gestion de ces derni\u00e8res est le premier d\u00e9fi auquel le Maroc sera probablement confront\u00e9 dans le monde post-pand\u00e9mique, selon un r\u00e9cent rapport de la Banque mondiale. Selon le rapport, qui refl\u00e8te les tendances mondiales, les risques environnementaux Auteur: Azeroual Siham Cliquez ici [&hellip;]<\/p>\n","protected":false},"author":1787,"featured_media":0,"comment_status":"closed","ping_status":"closed","sticky":false,"template":"","format":"standard","meta":{"fifu_image_url":"https:\/\/www.challenge.ma\/wp-content\/uploads\/2022\/01\/9e-Assises_Agriculture.jpeg","fifu_image_alt":"Banque mondiale. Voici les risques auxquels le Maroc peut faire face","footnotes":""},"categories":[78,54],"tags":[],"class_list":["post-139232","post","type-post","status-publish","format-standard","hentry","category-economie","category-maroc"],"_links":{"self":[{"href":"https:\/\/linitiative.ca\/International\/wp-json\/wp\/v2\/posts\/139232","targetHints":{"allow":["GET"]}}],"collection":[{"href":"https:\/\/linitiative.ca\/International\/wp-json\/wp\/v2\/posts"}],"about":[{"href":"https:\/\/linitiative.ca\/International\/wp-json\/wp\/v2\/types\/post"}],"author":[{"embeddable":true,"href":"https:\/\/linitiative.ca\/International\/wp-json\/wp\/v2\/users\/1787"}],"replies":[{"embeddable":true,"href":"https:\/\/linitiative.ca\/International\/wp-json\/wp\/v2\/comments?post=139232"}],"version-history":[{"count":0,"href":"https:\/\/linitiative.ca\/International\/wp-json\/wp\/v2\/posts\/139232\/revisions"}],"wp:attachment":[{"href":"https:\/\/linitiative.ca\/International\/wp-json\/wp\/v2\/media?parent=139232"}],"wp:term":[{"taxonomy":"category","embeddable":true,"href":"https:\/\/linitiative.ca\/International\/wp-json\/wp\/v2\/categories?post=139232"},{"taxonomy":"post_tag","embeddable":true,"href":"https:\/\/linitiative.ca\/International\/wp-json\/wp\/v2\/tags?post=139232"}],"curies":[{"name":"wp","href":"https:\/\/api.w.org\/{rel}","templated":true}]}}