{"id":13924,"date":"2019-02-13T15:19:14","date_gmt":"2019-02-13T20:19:14","guid":{"rendered":"https:\/\/linitiative.ca\/International\/hadj-le-president-bouteflika-affecte-2-000-carnets-supplementaires-aux-plus-de-70-ans\/"},"modified":"2019-02-13T15:19:14","modified_gmt":"2019-02-13T20:19:14","slug":"hadj-le-president-bouteflika-affecte-2-000-carnets-supplementaires-aux-plus-de-70-ans","status":"publish","type":"post","link":"https:\/\/linitiative.ca\/International\/hadj-le-president-bouteflika-affecte-2-000-carnets-supplementaires-aux-plus-de-70-ans\/","title":{"rendered":"Hadj : Le Pr\u00e9sident Bouteflika affecte 2.000 carnets suppl\u00e9mentaires aux plus de 70 ans"},"content":{"rendered":"<p>Le Pr\u00e9sident de la R\u00e9publique, Abdelaziz Bouteflika, a d\u00e9cid\u00e9 de consacrer un quota suppl\u00e9mentaire de 2.000 carnets de hadj au profit de citoyens \u00e2g\u00e9s de plus de 70 ans et ayant particip\u00e9 plus de dix fois au tirage au sort du hadj sans succ\u00e8s, a indiqu\u00e9 le minist\u00e8re de l&rsquo;Int\u00e9rieur, des Collectivit\u00e9s locales et de l&rsquo;Am\u00e9nagement du territoire qui informe \u00ab\u00a0tous les citoyens et citoyennes inscrits au tirage au sort pour le hadj 2019, \u00e2g\u00e9s de 70 ans et plus et ayant particip\u00e9 dix (10) fois et plus sans succ\u00e8s au tirage au sort, y compris celui du samedi 1er d\u00e9cembre 2018, que le Pr\u00e9sident de la R\u00e9publique, Abdelaziz Bouteflika, a d\u00e9cid\u00e9 de consacrer un quota suppl\u00e9mentaire de 2.000 carnets de hadj \u00e0 leur profit, en vue de r\u00e9pondre \u00e0 leur demande et leur permettre d&rsquo;accomplir ce rite\u00a0\u00bb. Le minist\u00e8re informe \u00e9galement les citoyens concern\u00e9s par cette op\u00e9ration que le tirage au sort les concernant aura lieu, le samedi 16 f\u00e9vrier 2019, au niveau des si\u00e8ges des wilayas de leur lieu de r\u00e9sidence.<br \/>\u00a0<\/p>\n<p>Auteur: elmoudjahid<br \/>\n<a href=\"http:\/\/www.elmoudjahid.com\/fr\/actualites\/133753\">Cliquez ici pour lire l&rsquo;article depuis sa source.<\/a><\/p>\n","protected":false},"excerpt":{"rendered":"<p>Le Pr\u00e9sident de la R\u00e9publique, Abdelaziz Bouteflika, a d\u00e9cid\u00e9 de consacrer un quota suppl\u00e9mentaire de 2.000 carnets de hadj au profit de citoyens \u00e2g\u00e9s de plus de 70 ans et ayant particip\u00e9 plus de dix fois au tirage au sort du hadj sans succ\u00e8s, a indiqu\u00e9 le minist\u00e8re de l&rsquo;Int\u00e9rieur, des Collectivit\u00e9s locales et de [&hellip;]<\/p>\n","protected":false},"author":1744,"featured_media":0,"comment_status":"closed","ping_status":"closed","sticky":false,"template":"","format":"standard","meta":{"fifu_image_url":"","fifu_image_alt":"","footnotes":""},"categories":[73,53],"tags":[],"class_list":["post-13924","post","type-post","status-publish","format-standard","hentry","category-actualite","category-algerie"],"_links":{"self":[{"href":"https:\/\/linitiative.ca\/International\/wp-json\/wp\/v2\/posts\/13924","targetHints":{"allow":["GET"]}}],"collection":[{"href":"https:\/\/linitiative.ca\/International\/wp-json\/wp\/v2\/posts"}],"about":[{"href":"https:\/\/linitiative.ca\/International\/wp-json\/wp\/v2\/types\/post"}],"author":[{"embeddable":true,"href":"https:\/\/linitiative.ca\/International\/wp-json\/wp\/v2\/users\/1744"}],"replies":[{"embeddable":true,"href":"https:\/\/linitiative.ca\/International\/wp-json\/wp\/v2\/comments?post=13924"}],"version-history":[{"count":0,"href":"https:\/\/linitiative.ca\/International\/wp-json\/wp\/v2\/posts\/13924\/revisions"}],"wp:attachment":[{"href":"https:\/\/linitiative.ca\/International\/wp-json\/wp\/v2\/media?parent=13924"}],"wp:term":[{"taxonomy":"category","embeddable":true,"href":"https:\/\/linitiative.ca\/International\/wp-json\/wp\/v2\/categories?post=13924"},{"taxonomy":"post_tag","embeddable":true,"href":"https:\/\/linitiative.ca\/International\/wp-json\/wp\/v2\/tags?post=13924"}],"curies":[{"name":"wp","href":"https:\/\/api.w.org\/{rel}","templated":true}]}}