{"id":139241,"date":"2022-01-23T13:14:02","date_gmt":"2022-01-23T18:14:02","guid":{"rendered":"https:\/\/linitiative.ca\/International\/mutinerie-sur-fond-de-crise-sociopolitique-au-burkina-on-a-des-raison-davoir-peur\/"},"modified":"2022-01-23T13:14:02","modified_gmt":"2022-01-23T18:14:02","slug":"mutinerie-sur-fond-de-crise-sociopolitique-au-burkina-on-a-des-raison-davoir-peur","status":"publish","type":"post","link":"https:\/\/linitiative.ca\/International\/mutinerie-sur-fond-de-crise-sociopolitique-au-burkina-on-a-des-raison-davoir-peur\/","title":{"rendered":"MUTINERIE SUR FOND DE CRISE SOCIOPOLITIQUE AU BURKINA :On a des raison d\u2019avoir peur"},"content":{"rendered":"<div>\n<p><img decoding=\"async\" width=\"1076\" height=\"590\" src=\"https:\/\/linitiative.ca\/International\/wp-content\/uploads\/sites\/23\/2022\/01\/manif-.jpg\" class=\"attachment- size- wp-post-image\" alt=\"\" loading=\"lazy\" style=\"float:left; margin:0 15px 15px 0;\" srcset=\"https:\/\/linitiative.ca\/International\/wp-content\/uploads\/sites\/23\/2022\/01\/manif-.jpg 1076w, https:\/\/lepays.bf\/wp-content\/uploads\/2022\/01\/manif--300x164.jpg 300w, https:\/\/lepays.bf\/wp-content\/uploads\/2022\/01\/manif--1024x561.jpg 1024w, https:\/\/lepays.bf\/wp-content\/uploads\/2022\/01\/manif--768x421.jpg 768w\" sizes=\"auto, (max-width: 1076px) 100vw, 1076px\">\u00a0 Le \u00a023 janvier dernier, des tirs \u00e0 l\u2019arme automatique et \u00e0 l\u2019arme lourde ont \u00e9t\u00e9 entendus \u00e0 Ouagadougou, au camp \u00a0g\u00e9n\u00e9ral Baba Sy et au camp Sangoul\u00e9 Lamizana. A Ouahigouya, dans le Nord du pays et \u00e0 Kaya dans le Centre-Nord, les m\u00eames faits ont \u00e9t\u00e9 \u00e9galement signal\u00e9s dans des casernes. Imm\u00e9diatement, la toile \u2026<\/p>\n<p>L\u2019article <a rel=\"nofollow\" href=\"https:\/\/lepays.bf\/mutinerie-sur-fond-de-crise-sociopolitique-au-burkina-on-a-des-raison-davoir-peur\/\">MUTINERIE SUR FOND DE CRISE SOCIOPOLITIQUE AU BURKINA :On a des raison d\u2019avoir peur<\/a> est apparu en premier sur <a rel=\"nofollow\" href=\"https:\/\/lepays.bf\/\">Editions Le Pays<\/a>.<\/p>\n<\/div>\n<p>Auteur: Editions LEPAYS<br \/>\n<a href=\"https:\/\/lepays.bf\/mutinerie-sur-fond-de-crise-sociopolitique-au-burkina-on-a-des-raison-davoir-peur\/\">Cliquez ici pour lire l&rsquo;article depuis sa source.<\/a><\/p>\n","protected":false},"excerpt":{"rendered":"<p>\u00a0 Le \u00a023 janvier dernier, des tirs \u00e0 l\u2019arme automatique et \u00e0 l\u2019arme lourde ont \u00e9t\u00e9 entendus \u00e0 Ouagadougou, au camp \u00a0g\u00e9n\u00e9ral Baba Sy et au camp Sangoul\u00e9 Lamizana. A Ouahigouya, dans le Nord du pays et \u00e0 Kaya dans le Centre-Nord, les m\u00eames faits ont \u00e9t\u00e9 \u00e9galement signal\u00e9s dans des casernes. Imm\u00e9diatement, la toile [&hellip;]<\/p>\n","protected":false},"author":1813,"featured_media":0,"comment_status":"closed","ping_status":"closed","sticky":false,"template":"","format":"standard","meta":{"fifu_image_url":"https:\/\/lepays.bf\/wp-content\/uploads\/2022\/01\/manif-.jpg","fifu_image_alt":"MUTINERIE SUR FOND DE CRISE SOCIOPOLITIQUE AU BURKINA :On a des raison d\u2019avoir peur","footnotes":""},"categories":[73,81],"tags":[],"class_list":["post-139241","post","type-post","status-publish","format-standard","hentry","category-actualite","category-burkina-faso"],"_links":{"self":[{"href":"https:\/\/linitiative.ca\/International\/wp-json\/wp\/v2\/posts\/139241","targetHints":{"allow":["GET"]}}],"collection":[{"href":"https:\/\/linitiative.ca\/International\/wp-json\/wp\/v2\/posts"}],"about":[{"href":"https:\/\/linitiative.ca\/International\/wp-json\/wp\/v2\/types\/post"}],"author":[{"embeddable":true,"href":"https:\/\/linitiative.ca\/International\/wp-json\/wp\/v2\/users\/1813"}],"replies":[{"embeddable":true,"href":"https:\/\/linitiative.ca\/International\/wp-json\/wp\/v2\/comments?post=139241"}],"version-history":[{"count":0,"href":"https:\/\/linitiative.ca\/International\/wp-json\/wp\/v2\/posts\/139241\/revisions"}],"wp:attachment":[{"href":"https:\/\/linitiative.ca\/International\/wp-json\/wp\/v2\/media?parent=139241"}],"wp:term":[{"taxonomy":"category","embeddable":true,"href":"https:\/\/linitiative.ca\/International\/wp-json\/wp\/v2\/categories?post=139241"},{"taxonomy":"post_tag","embeddable":true,"href":"https:\/\/linitiative.ca\/International\/wp-json\/wp\/v2\/tags?post=139241"}],"curies":[{"name":"wp","href":"https:\/\/api.w.org\/{rel}","templated":true}]}}