{"id":139243,"date":"2022-01-23T14:56:08","date_gmt":"2022-01-23T19:56:08","guid":{"rendered":"https:\/\/linitiative.ca\/International\/huitieme-de-finale-burkina-gabon-une-victoire-a-la-pyrrhus-et-au-bout-du-suspense-des-etalons\/"},"modified":"2022-01-23T14:56:08","modified_gmt":"2022-01-23T19:56:08","slug":"huitieme-de-finale-burkina-gabon-une-victoire-a-la-pyrrhus-et-au-bout-du-suspense-des-etalons","status":"publish","type":"post","link":"https:\/\/linitiative.ca\/International\/huitieme-de-finale-burkina-gabon-une-victoire-a-la-pyrrhus-et-au-bout-du-suspense-des-etalons\/","title":{"rendered":"HUITIEME DE FINALE BURKINA-GABON: Une victoire \u00e0 la Pyrrhus et au bout du suspense des Etalons"},"content":{"rendered":"<div>\n<p><img decoding=\"async\" width=\"1080\" height=\"720\" src=\"https:\/\/linitiative.ca\/International\/wp-content\/uploads\/sites\/23\/2022\/01\/272719479_4558878447557902_3131858942605247631_n.jpg\" class=\"attachment- size- wp-post-image\" alt=\"\" loading=\"lazy\" style=\"float:left; margin:0 15px 15px 0;\" srcset=\"https:\/\/linitiative.ca\/International\/wp-content\/uploads\/sites\/23\/2022\/01\/272719479_4558878447557902_3131858942605247631_n.jpg 1080w, https:\/\/lepays.bf\/wp-content\/uploads\/2022\/01\/272719479_4558878447557902_3131858942605247631_n-300x200.jpg 300w, https:\/\/lepays.bf\/wp-content\/uploads\/2022\/01\/272719479_4558878447557902_3131858942605247631_n-1024x683.jpg 1024w, https:\/\/lepays.bf\/wp-content\/uploads\/2022\/01\/272719479_4558878447557902_3131858942605247631_n-768x512.jpg 768w\" sizes=\"auto, (max-width: 1080px) 100vw, 1080px\">La journ\u00e9e dominicale de ce 23 d\u00e9cembre 2022 aura \u00e9t\u00e9 pour les Burkinab\u00e8 celle des sentiments m\u00eal\u00e9s\u00a0: inqui\u00e9tudes et interrogations d\u2019une part \u00e0 cause du cr\u00e9pitement des armes au petit matin de ce dimanche dans plusieurs casernes du pays pour des raisons non encore officiellement connues, sc\u00e8nes de joie et de liesse populaire d\u2019autre part \u2026<\/p>\n<p>L\u2019article <a rel=\"nofollow\" href=\"https:\/\/lepays.bf\/huitieme-de-finale-burkina-gabon-une-victoire-a-la-pyrrhus-et-au-bout-du-suspense-des-etalons\/\">HUITIEME DE FINALE BURKINA-GABON: Une victoire \u00e0 la Pyrrhus et au bout du suspense des Etalons<\/a> est apparu en premier sur <a rel=\"nofollow\" href=\"https:\/\/lepays.bf\/\">Editions Le Pays<\/a>.<\/p>\n<\/div>\n<p>Auteur: Editions LEPAYS<br \/>\n<a href=\"https:\/\/lepays.bf\/huitieme-de-finale-burkina-gabon-une-victoire-a-la-pyrrhus-et-au-bout-du-suspense-des-etalons\/\">Cliquez ici pour lire l&rsquo;article depuis sa source.<\/a><\/p>\n","protected":false},"excerpt":{"rendered":"<p>La journ\u00e9e dominicale de ce 23 d\u00e9cembre 2022 aura \u00e9t\u00e9 pour les Burkinab\u00e8 celle des sentiments m\u00eal\u00e9s\u00a0: inqui\u00e9tudes et interrogations d\u2019une part \u00e0 cause du cr\u00e9pitement des armes au petit matin de ce dimanche dans plusieurs casernes du pays pour des raisons non encore officiellement connues, sc\u00e8nes de joie et de liesse populaire d\u2019autre part [&hellip;]<\/p>\n","protected":false},"author":1813,"featured_media":0,"comment_status":"closed","ping_status":"closed","sticky":false,"template":"","format":"standard","meta":{"fifu_image_url":"https:\/\/lepays.bf\/wp-content\/uploads\/2022\/01\/272719479_4558878447557902_3131858942605247631_n.jpg","fifu_image_alt":"HUITIEME DE FINALE BURKINA-GABON: Une victoire \u00e0 la Pyrrhus et au bout du suspense des Etalons","footnotes":""},"categories":[73,81],"tags":[],"class_list":["post-139243","post","type-post","status-publish","format-standard","hentry","category-actualite","category-burkina-faso"],"_links":{"self":[{"href":"https:\/\/linitiative.ca\/International\/wp-json\/wp\/v2\/posts\/139243","targetHints":{"allow":["GET"]}}],"collection":[{"href":"https:\/\/linitiative.ca\/International\/wp-json\/wp\/v2\/posts"}],"about":[{"href":"https:\/\/linitiative.ca\/International\/wp-json\/wp\/v2\/types\/post"}],"author":[{"embeddable":true,"href":"https:\/\/linitiative.ca\/International\/wp-json\/wp\/v2\/users\/1813"}],"replies":[{"embeddable":true,"href":"https:\/\/linitiative.ca\/International\/wp-json\/wp\/v2\/comments?post=139243"}],"version-history":[{"count":0,"href":"https:\/\/linitiative.ca\/International\/wp-json\/wp\/v2\/posts\/139243\/revisions"}],"wp:attachment":[{"href":"https:\/\/linitiative.ca\/International\/wp-json\/wp\/v2\/media?parent=139243"}],"wp:term":[{"taxonomy":"category","embeddable":true,"href":"https:\/\/linitiative.ca\/International\/wp-json\/wp\/v2\/categories?post=139243"},{"taxonomy":"post_tag","embeddable":true,"href":"https:\/\/linitiative.ca\/International\/wp-json\/wp\/v2\/tags?post=139243"}],"curies":[{"name":"wp","href":"https:\/\/api.w.org\/{rel}","templated":true}]}}