{"id":139245,"date":"2022-01-23T05:22:06","date_gmt":"2022-01-23T10:22:06","guid":{"rendered":"https:\/\/linitiative.ca\/International\/je-demens-formellement-le-chef-de-letat-na-pas-ete-arreteministre-de-la-defense-barthelemy-simpore\/"},"modified":"2022-01-23T05:22:06","modified_gmt":"2022-01-23T10:22:06","slug":"je-demens-formellement-le-chef-de-letat-na-pas-ete-arreteministre-de-la-defense-barthelemy-simpore","status":"publish","type":"post","link":"https:\/\/linitiative.ca\/International\/je-demens-formellement-le-chef-de-letat-na-pas-ete-arreteministre-de-la-defense-barthelemy-simpore\/","title":{"rendered":":(Je d\u00e9mens formellement, le Chef de l\u2019Etat n\u2019a pas \u00e9t\u00e9 arr\u00eate),ministre de la d\u00e9fense, Barthelemy Simpor\u00e9"},"content":{"rendered":"<div>\n<div class=\"fb-video\" data-allowfullscreen=\"true\" data-href=\"https:\/\/www.facebook.com\/rtburkina\/videos\/1272161603297901\"><\/div>\n<p>L\u2019article <a rel=\"nofollow\" href=\"https:\/\/www.sidwaya.info\/blog\/2022\/01\/23\/je-demens-formellement-le-chef-de-letat-na-pas-ete-arreteministre-de-la-defense-barthelemy-simpore\/\">:(Je d\u00e9mens formellement, le Chef de l\u2019Etat n\u2019a pas \u00e9t\u00e9 arr\u00eate),ministre de la d\u00e9fense, Barthelemy Simpor\u00e9<\/a> est apparu en premier sur <a rel=\"nofollow\" href=\"https:\/\/www.sidwaya.info\/\">Quotidien Sidwaya<\/a>.<\/p>\n<\/div>\n<p>Auteur: BS. Sidwaya<br \/>\n<a href=\"https:\/\/www.sidwaya.info\/blog\/2022\/01\/23\/je-demens-formellement-le-chef-de-letat-na-pas-ete-arreteministre-de-la-defense-barthelemy-simpore\/?utm_source=rss&#038;utm_medium=rss&#038;utm_campaign=je-demens-formellement-le-chef-de-letat-na-pas-ete-arreteministre-de-la-defense-barthelemy-simpore\">Cliquez ici pour lire l&rsquo;article depuis sa source.<\/a><\/p>\n","protected":false},"excerpt":{"rendered":"<p>L\u2019article :(Je d\u00e9mens formellement, le Chef de l\u2019Etat n\u2019a pas \u00e9t\u00e9 arr\u00eate),ministre de la d\u00e9fense, Barthelemy Simpor\u00e9 est apparu en premier sur Quotidien Sidwaya. Auteur: BS. Sidwaya Cliquez ici pour lire l&rsquo;article depuis sa source.<\/p>\n","protected":false},"author":1816,"featured_media":0,"comment_status":"closed","ping_status":"closed","sticky":false,"template":"","format":"standard","meta":{"fifu_image_url":"","fifu_image_alt":"","footnotes":""},"categories":[73,81],"tags":[],"class_list":["post-139245","post","type-post","status-publish","format-standard","hentry","category-actualite","category-burkina-faso"],"_links":{"self":[{"href":"https:\/\/linitiative.ca\/International\/wp-json\/wp\/v2\/posts\/139245","targetHints":{"allow":["GET"]}}],"collection":[{"href":"https:\/\/linitiative.ca\/International\/wp-json\/wp\/v2\/posts"}],"about":[{"href":"https:\/\/linitiative.ca\/International\/wp-json\/wp\/v2\/types\/post"}],"author":[{"embeddable":true,"href":"https:\/\/linitiative.ca\/International\/wp-json\/wp\/v2\/users\/1816"}],"replies":[{"embeddable":true,"href":"https:\/\/linitiative.ca\/International\/wp-json\/wp\/v2\/comments?post=139245"}],"version-history":[{"count":0,"href":"https:\/\/linitiative.ca\/International\/wp-json\/wp\/v2\/posts\/139245\/revisions"}],"wp:attachment":[{"href":"https:\/\/linitiative.ca\/International\/wp-json\/wp\/v2\/media?parent=139245"}],"wp:term":[{"taxonomy":"category","embeddable":true,"href":"https:\/\/linitiative.ca\/International\/wp-json\/wp\/v2\/categories?post=139245"},{"taxonomy":"post_tag","embeddable":true,"href":"https:\/\/linitiative.ca\/International\/wp-json\/wp\/v2\/tags?post=139245"}],"curies":[{"name":"wp","href":"https:\/\/api.w.org\/{rel}","templated":true}]}}