{"id":139246,"date":"2022-01-23T07:31:38","date_gmt":"2022-01-23T12:31:38","guid":{"rendered":"https:\/\/linitiative.ca\/International\/burkina-il-sagit-des-tirs-bien-circonscrits-qui-sont-sous-controle-gal-aime-barthelemy-simpore\/"},"modified":"2022-01-23T07:31:38","modified_gmt":"2022-01-23T12:31:38","slug":"burkina-il-sagit-des-tirs-bien-circonscrits-qui-sont-sous-controle-gal-aime-barthelemy-simpore","status":"publish","type":"post","link":"https:\/\/linitiative.ca\/International\/burkina-il-sagit-des-tirs-bien-circonscrits-qui-sont-sous-controle-gal-aime-barthelemy-simpore\/","title":{"rendered":"Burkina\u00a0: \u00ab\u00a0Il s\u2019agit des tirs bien circonscrits, qui sont sous contr\u00f4le\u00a0\u00bbGal Aim\u00e9 Barthelemy Simpor\u00e9"},"content":{"rendered":"<div>\n<p><strong>Suite aux tirs entendus dans certaines casernes de Ouagadougou et d\u2019autres villes, le ministre des arm\u00e9es et des anciens combattants, le G\u00e9n\u00e9ral Aim\u00e9 Barthelemy Simpor\u00e9, a rassur\u00e9 la population que le gouvernement suit l\u2019\u00e9volution de la situation, qui est sous contr\u00f4le. Ces propos ont \u00e9t\u00e9 recueillis sur les antennes de la t\u00e9l\u00e9vision nationale du Burkina.<\/strong><\/p>\n<p><strong>Depuis ce matin, on entend des coups fils de certaines casernes. Que se passe-t-il\u00a0exactement ?<\/strong><\/p>\n<p>Au petit matin, des tirs ont \u00e9clat\u00e9 dans quelques casernes de Ouagadougou et dans d\u2019autres villes. Pour le moment, nous sommes en train de suivre la situation pour connaitre les motivations r\u00e9elles de ces tirs qui sont entendus.<\/p>\n<p><strong>Est-ce qu\u2019on connait l\u2019ampleur du mouvement\u00a0?<\/strong><\/p>\n<p>Il y a quelques casernes qui sont concern\u00e9es, il n\u2019y en a pas trop\u00a0! Dans certains de ces casernes m\u00eames, le calme est d\u00e9j\u00e0 revenu\u00a0! Le gouvernement suit la situation et communiquera en temps opportun sur l\u2019\u00e9volution.<\/p>\n<p><strong>On parle de Ouagadougou mais d\u2019autres villes\u2026<\/strong><\/p>\n<p>Oui, dans quelques villes.<\/p>\n<p><strong>Est-ce qu\u2019on sait ce que veulent les soldats\u00a0?<\/strong><\/p>\n<p>Comme je disais tant\u00f4t, pour le moment nous ne savons pas trop sur les motivations de ces tirs. Nous ne savons pas ce qu\u2019ils revendiquent. Nous sommes en train de suivre la situation, d\u2019entrer en contact avec ceux qui sont \u00e0 la man\u0153uvre pour comprendre les motivations de ces tirs.<\/p>\n<p><strong>Il semble que le Chef de l\u2019Etat a \u00e9t\u00e9 arr\u00eat\u00e9. Qu\u2019en est-t-il r\u00e9ellement\u00a0?<\/strong><\/p>\n<p>Je d\u00e9mens formellement, le Chef de l\u2019Etat n\u2019a pas \u00e9t\u00e9 arr\u00eat\u00e9. Aucune institution de la r\u00e9publique n\u2019a \u00e9t\u00e9 inqui\u00e9t\u00e9 pour le moment\u00a0! Comme je l\u2019ai, ces mouvements sont localis\u00e9s, circonscrits et nous suis leur \u00e9volution.<\/p>\n<p><strong>Est-ce \u00e0 dire qu\u2019\u00e0 l\u2019heure actuelle, on n\u2019a pas un point exact de la situation\u00a0?<\/strong><\/p>\n<p>Si, nous avons un point exact\u00a0! comme je l\u2019ai dit, nous suivons l\u2019\u00e9volution de la situation et nous communiquerons davantage sur les d\u00e9tails ! Sachez qu\u2019il s\u2019agit des tirs bien circonscrits qui sont donc sous contr\u00f4le\u00a0!<\/p>\n<p><strong>Avez-vous un message pour terminer\u00a0?<\/strong><\/p>\n<p>Je voudrais dire que le gouvernement fait confiance \u00e0 l\u2019arm\u00e9e qui reste r\u00e9publicaine\u00a0! Nous demandons \u00e0 la population \u00e0 rester sereine, \u00e0 vaquer \u00e0 ses occupations\u00a0!\u00a0 Nous suivons l\u2019\u00e9volution, et en temps opportun nous pourrons communiquer sur les motivations r\u00e9elles de ces tirs. Pour le moment, tout est sous contr\u00f4le.\u00a0 Nous demandons \u00e0 notre arm\u00e9e de demeurer r\u00e9publicaine, \u00e0 continuer \u00e0 ex\u00e9cuter ces missions de protection de notre territoire et des populations\u00a0!<\/p>\n<p><strong>Interview r\u00e9alis\u00e9e par la RTB<\/strong><\/p>\n<p>\u00a0<\/p>\n<p><strong>\u00a0<\/strong><\/p>\n<p><strong>\u00a0<\/strong><\/p>\n<p><strong>\u00a0<\/strong><\/p>\n<p>L\u2019article <a rel=\"nofollow\" href=\"https:\/\/www.sidwaya.info\/blog\/2022\/01\/23\/burkina-il-sagit-des-tirs-bien-circonscrits-qui-sont-sous-controle-gal-aime-barthelemy-simpore\/\">Burkina\u00a0: \u00ab\u00a0Il s\u2019agit des tirs bien circonscrits, qui sont sous contr\u00f4le\u00a0\u00bbGal Aim\u00e9 Barthelemy Simpor\u00e9<\/a> est apparu en premier sur <a rel=\"nofollow\" href=\"https:\/\/www.sidwaya.info\/\">Quotidien Sidwaya<\/a>.<\/p>\n<\/div>\n<p>Auteur: BS. Sidwaya<br \/>\n<a href=\"https:\/\/www.sidwaya.info\/blog\/2022\/01\/23\/burkina-il-sagit-des-tirs-bien-circonscrits-qui-sont-sous-controle-gal-aime-barthelemy-simpore\/?utm_source=rss&#038;utm_medium=rss&#038;utm_campaign=burkina-il-sagit-des-tirs-bien-circonscrits-qui-sont-sous-controle-gal-aime-barthelemy-simpore\">Cliquez ici pour lire l&rsquo;article depuis sa source.<\/a><\/p>\n","protected":false},"excerpt":{"rendered":"<p>Suite aux tirs entendus dans certaines casernes de Ouagadougou et d\u2019autres villes, le ministre des arm\u00e9es et des anciens combattants, le G\u00e9n\u00e9ral Aim\u00e9 Barthelemy Simpor\u00e9, a rassur\u00e9 la population que le gouvernement suit l\u2019\u00e9volution de la situation, qui est sous contr\u00f4le. Ces propos ont \u00e9t\u00e9 recueillis sur les antennes de la t\u00e9l\u00e9vision nationale du Burkina. [&hellip;]<\/p>\n","protected":false},"author":1816,"featured_media":0,"comment_status":"closed","ping_status":"closed","sticky":false,"template":"","format":"standard","meta":{"fifu_image_url":"","fifu_image_alt":"","footnotes":""},"categories":[73,81],"tags":[],"class_list":["post-139246","post","type-post","status-publish","format-standard","hentry","category-actualite","category-burkina-faso"],"_links":{"self":[{"href":"https:\/\/linitiative.ca\/International\/wp-json\/wp\/v2\/posts\/139246","targetHints":{"allow":["GET"]}}],"collection":[{"href":"https:\/\/linitiative.ca\/International\/wp-json\/wp\/v2\/posts"}],"about":[{"href":"https:\/\/linitiative.ca\/International\/wp-json\/wp\/v2\/types\/post"}],"author":[{"embeddable":true,"href":"https:\/\/linitiative.ca\/International\/wp-json\/wp\/v2\/users\/1816"}],"replies":[{"embeddable":true,"href":"https:\/\/linitiative.ca\/International\/wp-json\/wp\/v2\/comments?post=139246"}],"version-history":[{"count":0,"href":"https:\/\/linitiative.ca\/International\/wp-json\/wp\/v2\/posts\/139246\/revisions"}],"wp:attachment":[{"href":"https:\/\/linitiative.ca\/International\/wp-json\/wp\/v2\/media?parent=139246"}],"wp:term":[{"taxonomy":"category","embeddable":true,"href":"https:\/\/linitiative.ca\/International\/wp-json\/wp\/v2\/categories?post=139246"},{"taxonomy":"post_tag","embeddable":true,"href":"https:\/\/linitiative.ca\/International\/wp-json\/wp\/v2\/tags?post=139246"}],"curies":[{"name":"wp","href":"https:\/\/api.w.org\/{rel}","templated":true}]}}