{"id":139247,"date":"2022-01-23T04:20:43","date_gmt":"2022-01-23T09:20:43","guid":{"rendered":"https:\/\/linitiative.ca\/International\/mma-comment-le-camerounais-francis-ngannou-est-reste-lhomme-le-plus-fort-du-monde\/"},"modified":"2022-01-23T04:20:43","modified_gmt":"2022-01-23T09:20:43","slug":"mma-comment-le-camerounais-francis-ngannou-est-reste-lhomme-le-plus-fort-du-monde","status":"publish","type":"post","link":"https:\/\/linitiative.ca\/International\/mma-comment-le-camerounais-francis-ngannou-est-reste-lhomme-le-plus-fort-du-monde\/","title":{"rendered":"MMA : comment le Camerounais Francis Ngannou est rest\u00e9 l\u2019homme le plus fort du monde"},"content":{"rendered":"<div>\n<p><img decoding=\"async\" width=\"474\" height=\"266\" src=\"https:\/\/linitiative.ca\/International\/wp-content\/uploads\/sites\/23\/2022\/01\/Francis-Ngannou-conserve-sa-ceinture-de-champion-du-monde.jpg\" class=\"attachment-post-thumbnail size-post-thumbnail wp-post-image\" alt=\"\" loading=\"lazy\" srcset=\"https:\/\/linitiative.ca\/International\/wp-content\/uploads\/sites\/23\/2022\/01\/Francis-Ngannou-conserve-sa-ceinture-de-champion-du-monde.jpg 474w, https:\/\/www.journalducameroun.com\/wp-content\/uploads\/2022\/01\/Francis-Ngannou-conserve-sa-ceinture-de-champion-du-monde-300x168.jpg 300w, https:\/\/www.journalducameroun.com\/wp-content\/uploads\/2022\/01\/Francis-Ngannou-conserve-sa-ceinture-de-champion-du-monde-780x440.jpg 780w, https:\/\/www.journalducameroun.com\/wp-content\/uploads\/2022\/01\/Francis-Ngannou-conserve-sa-ceinture-de-champion-du-monde-160x90.jpg 160w, https:\/\/www.journalducameroun.com\/wp-content\/uploads\/2022\/01\/Francis-Ngannou-conserve-sa-ceinture-de-champion-du-monde-240x135.jpg 240w\" sizes=\"auto, (max-width: 474px) 100vw, 474px\"><\/p>\n<h2><strong>Au terme d\u2019un combat \u00e9pique, d\u2019usure, le tout puissant champion UFC des lourds a \u00e9puis\u00e9 Gane. Ainsi, le Camerounais Francis Ngannou conserve son titre de champion du monde UFC dans la cat\u00e9gorie. <\/strong><\/h2>\n<p>La l\u00e9gende camerounaise du MMA (arts martiaux mixtes)\u00a0 a conserv\u00e9 sa ceinture mondiale UFC des poids lourds en battant le fran\u00e7ais Ciryl Gane par d\u00e9cision unanime. Patient et plus puissant, le Camerounais Francis Ngannou a montr\u00e9 qu&rsquo;il restait le meilleur chez les lourds. Le Fran\u00e7ais Ciryl Gane, qui a oppos\u00e9 une forte r\u00e9sistance, s&rsquo;est dit d\u00e9\u00e7u \u00e0 la fin du combat, mais a tenu \u00e0 f\u00e9liciter son adversaire.<\/p>\n<p>C\u2019est en veillant devant le petit \u00e9cran que les amoureux des sports de combat ont pu assister \u00e0 cette bataille. Et c&rsquo;est au bout des cinq reprises, tr\u00e8s serr\u00e9es et pas toujours spectaculaires, que Ngannou, 35 ans, s&rsquo;est impos\u00e9 sur d\u00e9cision unanime des juges (48-47, 48-47, 49-46). Il ajoute ainsi une 17e victoire \u00e0 son palmar\u00e8s (3 d\u00e9faites) et inflige \u00e0 Gane, 31 ans, son premier revers en 11 combats.<\/p>\n<p>Il est un peu plus de 7 heures ce dimanche au Cameroun quand Francis Ngannou\u00a0 l\u00e8ve un bras vers le ciel d\u2019Anaheim dans la banlieue de Los Angeles en signe de victoire. Les juges par d\u00e9cision unanime d\u00e9cident qu\u2019il reste l\u2019homme le plus fort du monde \u00ab the baddest man on planet earth \u00bb pour reprendre les mots de l\u2019UFC.<\/p>\n<p>T\u00eate basse, son adversaire Ciryl Gane s\u2019en doute au moment du verdict que personne ne discute. Le score ? 48-47, 48-47, 49-46 en faveur du natif de Bati\u00e9\u00a0: \u00ab C\u2019est un grand soulagement, glisse le vainqueur au micro de RMC Sport en sortant de la cage. Mes 10 derniers mois n\u2019ont pas \u00e9t\u00e9 faciles. J\u2019ai eu plusieurs pressions psychologiques mais je savais que le plus important \u00e9tait de garder la t\u00eate froide. \u00bb<\/p>\n<p>Mais rien ne s\u2019est pass\u00e9 non plus vraiment comme pr\u00e9vu. Les uns voyaient Ngannou d\u00e9crocher une frappe de mule comme il en a le secret pour envoyer rapidement Gane au tapis, compl\u00e8tement KO. Les autres pensaient que Gane allait user son rival, cinq ans plus vieux que lui, en jouant sur sa vitesse. C\u2019\u00e9tait a priori le plan de bataille des deux hommes. Mais c\u2019\u00e9tait oubli\u00e9 que Ngannou a fait des progr\u00e8s un peu partout.<\/p>\n<figure id=\"attachment_402091\" aria-describedby=\"caption-attachment-402091\" style=\"width: 300px\" class=\"wp-caption alignnone\"><img loading=\"lazy\" decoding=\"async\" class=\"size-medium wp-image-402091\" src=\"https:\/\/linitiative.ca\/International\/wp-content\/uploads\/sites\/23\/2022\/01\/Le-Camerounais-Francis-Ngannou-a-pris-le-dessus-sur-le-Francais-Ciryl-Gane-300x175-1.jpg\" alt=\"\" width=\"300\" height=\"175\"><figcaption id=\"caption-attachment-402091\" class=\"wp-caption-text\">le Camerounais Francis Ngounou a pris le dessus sur el fran\u00e7ais Gane<\/figcaption><\/figure>\n<h2>Pour une revanche<\/h2>\n<p><em>\u00ab Je savais qu&rsquo;il serait un adversaire tr\u00e8s dur. Il a \u00e9t\u00e9 tr\u00e8s bon, difficile \u00e0 g\u00e9rer, mais j&rsquo;ai fait ce que je devais faire, en restant calme et confiant \u00bb,<\/em> a comment\u00e9 le vainqueur.<\/p>\n<p>Annonc\u00e9 comme une des plus gros affrontements de l&rsquo;histoire de la prestigieuse ligue mondiale d&rsquo;arts martiaux mixtes, ce choc entre deux combattants qui se connaissaient plut\u00f4t bien, pour \u00eatre tous deux issus de la MMA Factory, l&rsquo;usine \u00e0 champions sise \u00e0 Paris, n&rsquo;a pas vraiment tenu toutes ses promesses.<\/p>\n<p>L\u2019UFC la plus grande ligue mondiale de MMA promet de venir organiser en France d\u00e8s que la pand\u00e9mie aura recul\u00e9 et permettra de faire voyager son grand barnum sans contrainte. Oui, quoi de mieux que Paris l\u00e0 o\u00f9 ont commenc\u00e9 les deux colosses pour une revanche ? Sauf qu\u2019il y a un hic : Francis Ngannou a peut-\u00eatre disput\u00e9 son dernier combat avec l\u2019UFC. Le champion est en froid avec ses patrons.<\/p>\n<p>Cet article <a rel=\"nofollow\" href=\"https:\/\/www.journalducameroun.com\/mma-comment-le-camerounais-ngannou-est-reste-lhomme-le-plus-fort-du-monde\/\">MMA : comment le Camerounais Francis Ngannou est rest\u00e9 l\u2019homme le plus fort du monde<\/a> est apparu en premier sur <a rel=\"nofollow\" href=\"https:\/\/www.journalducameroun.com\/\">Journal du Cameroun<\/a>.<\/p>\n<\/div>\n<p>Auteur: Emile Zola Nd\u00e9 Tchoussi<br \/>\n<a href=\"https:\/\/www.journalducameroun.com\/mma-comment-le-camerounais-ngannou-est-reste-lhomme-le-plus-fort-du-monde\/\">Cliquez ici pour lire l&rsquo;article depuis sa source.<\/a><\/p>\n","protected":false},"excerpt":{"rendered":"<p>Au terme d\u2019un combat \u00e9pique, d\u2019usure, le tout puissant champion UFC des lourds a \u00e9puis\u00e9 Gane. Ainsi, le Camerounais Francis Ngannou conserve son titre de champion du monde UFC dans la cat\u00e9gorie. La l\u00e9gende camerounaise du MMA (arts martiaux mixtes)\u00a0 a conserv\u00e9 sa ceinture mondiale UFC des poids lourds en battant le fran\u00e7ais Ciryl Gane [&hellip;]<\/p>\n","protected":false},"author":1965,"featured_media":0,"comment_status":"closed","ping_status":"closed","sticky":false,"template":"","format":"standard","meta":{"fifu_image_url":"https:\/\/www.journalducameroun.com\/wp-content\/uploads\/2022\/01\/Francis-Ngannou-conserve-sa-ceinture-de-champion-du-monde.jpg","fifu_image_alt":"MMA : comment le Camerounais Francis Ngannou est rest\u00e9 l\u2019homme le plus fort du monde","footnotes":""},"categories":[73,82],"tags":[],"class_list":["post-139247","post","type-post","status-publish","format-standard","hentry","category-actualite","category-cameroun"],"_links":{"self":[{"href":"https:\/\/linitiative.ca\/International\/wp-json\/wp\/v2\/posts\/139247","targetHints":{"allow":["GET"]}}],"collection":[{"href":"https:\/\/linitiative.ca\/International\/wp-json\/wp\/v2\/posts"}],"about":[{"href":"https:\/\/linitiative.ca\/International\/wp-json\/wp\/v2\/types\/post"}],"author":[{"embeddable":true,"href":"https:\/\/linitiative.ca\/International\/wp-json\/wp\/v2\/users\/1965"}],"replies":[{"embeddable":true,"href":"https:\/\/linitiative.ca\/International\/wp-json\/wp\/v2\/comments?post=139247"}],"version-history":[{"count":0,"href":"https:\/\/linitiative.ca\/International\/wp-json\/wp\/v2\/posts\/139247\/revisions"}],"wp:attachment":[{"href":"https:\/\/linitiative.ca\/International\/wp-json\/wp\/v2\/media?parent=139247"}],"wp:term":[{"taxonomy":"category","embeddable":true,"href":"https:\/\/linitiative.ca\/International\/wp-json\/wp\/v2\/categories?post=139247"},{"taxonomy":"post_tag","embeddable":true,"href":"https:\/\/linitiative.ca\/International\/wp-json\/wp\/v2\/tags?post=139247"}],"curies":[{"name":"wp","href":"https:\/\/api.w.org\/{rel}","templated":true}]}}