{"id":139252,"date":"2022-01-23T06:18:03","date_gmt":"2022-01-23T11:18:03","guid":{"rendered":"https:\/\/linitiative.ca\/International\/burkina-faso-tirs-a-larme-lourde-et-tentative-de-coup-detat\/"},"modified":"2022-01-23T06:18:03","modified_gmt":"2022-01-23T11:18:03","slug":"burkina-faso-tirs-a-larme-lourde-et-tentative-de-coup-detat","status":"publish","type":"post","link":"https:\/\/linitiative.ca\/International\/burkina-faso-tirs-a-larme-lourde-et-tentative-de-coup-detat\/","title":{"rendered":"Burkina Faso : tirs \u00e0 l\u2019arme lourde et tentative de coup d\u2019\u00c9tat"},"content":{"rendered":"<div>\n<p><img decoding=\"async\" width=\"1242\" height=\"623\" src=\"https:\/\/linitiative.ca\/International\/wp-content\/uploads\/sites\/23\/2022\/01\/16429366838887.jpg\" class=\"attachment-post-thumbnail size-post-thumbnail wp-post-image\" alt=\"\" loading=\"lazy\" srcset=\"https:\/\/linitiative.ca\/International\/wp-content\/uploads\/sites\/23\/2022\/01\/16429366838887.jpg 1242w, https:\/\/www.journalducameroun.com\/wp-content\/uploads\/2022\/01\/16429366838887-300x150.jpg 300w, https:\/\/www.journalducameroun.com\/wp-content\/uploads\/2022\/01\/16429366838887-1024x514.jpg 1024w, https:\/\/www.journalducameroun.com\/wp-content\/uploads\/2022\/01\/16429366838887-768x385.jpg 768w, https:\/\/www.journalducameroun.com\/wp-content\/uploads\/2022\/01\/16429366838887-877x440.jpg 877w, https:\/\/www.journalducameroun.com\/wp-content\/uploads\/2022\/01\/16429366838887-600x301.jpg 600w\" sizes=\"auto, (max-width: 1242px) 100vw, 1242px\"><\/p>\n<p>Le gouvernement burkinab\u00e9 confirme les tirs dans plusieurs casernes militaires mais d\u00e9ment la prise de pouvoir par l&rsquo;arm\u00e9e.Selon Alkassoum Ma\u00efga, \u00ab des informations v\u00e9hicul\u00e9es dans les r\u00e9seaux sociaux tendent \u00e0 faire croire \u00e0 une prise de pouvoir par l&rsquo;arm\u00e9e en ce jour 23 janvier 2022\u00a0\u00bb, a indiqu\u00e9 porte-parole du gouvernement.<\/p>\n<p>Avant d&rsquo;ajouter : \u00ab le gouvernement, tout en reconnaissant l&rsquo;effectivit\u00e9 de tirs, dans certaines casernes, d\u00e9ment ces informations et appelle les populations \u00e0 rester sereines \u00bb.\u00a0Le porte-parole du gouvernement soutient que l&rsquo;Etat burkinab\u00e9 r\u00e9affirme sa confiance en \u00ab son arm\u00e9e qui demeure r\u00e9publicaine\u00a0\u00bb.<\/p>\n<p>La nuit de samedi \u00e0 dimanche a \u00e9t\u00e9 agit\u00e9e \u00e0 Ouagadougou o\u00f9 des tirs \u00e0 l&rsquo;arme lourde ont \u00e9t\u00e9 entendus au Camp Sangoul\u00e9 Lamizana et Baba Sy. Plusieurs personnes avaient confirm\u00e9 la prise de pouvoir par l&rsquo;arm\u00e9e avant que l&rsquo;information ne soit d\u00e9mentie par le gouvernement t\u00f4t le matin. A l&rsquo;heure actuelle, c&rsquo;est le flou encore \u00e0 Ouagadougou, o\u00f9 la situation peut encore \u00e9voluer.<\/p>\n<p>Ces incidents interviennent quelques heures apr\u00e8s la dispersion d&rsquo;un rassemblement interdit \u00e0 Ouagadougou lanc\u00e9 par le mouvement \u00ab Sauvons le Burkina Faso\u00a0\u00bb.\u00a0<\/p>\n<p>Cette tentative pr\u00e9sum\u00e9e de coup d&rsquo;Etat intervient deux mois apr\u00e8s l&rsquo;attaque sanglante \u00e0 Inata par des jihadistes o\u00f9 l&rsquo;arm\u00e9e avait perdu\u00a053 de ses hommes. La pire attaque jamais enregistr\u00e9e au sein des troupes qui avait entra\u00een\u00e9e un vent de contestation des militaires contre le pouvoir de Roch Marc Christian Kabore.<\/p>\n<p>Par ailleurs, le ministre de la D\u00e9fense le G\u00e9n\u00e9ral\u00a0Aim\u00e9 Barth\u00e9l\u00e9my Simpore a formellement d\u00e9menti \u00e0 la t\u00e9l\u00e9vision d&rsquo;Etat,\u00a0l&rsquo;arrestation du pr\u00e9sident de la r\u00e9publique et d&rsquo;autres dirigeants des institutions par les militaires.<\/p>\n<p>Le 8 janvier dernier, une dizaine de militaires et des civils avaient \u00e9t\u00e9 arr\u00eat\u00e9s pour des suspicions de coup d&rsquo;Etat par l&rsquo;Etat burkinab\u00e9.<\/p>\n<p>Cet article <a rel=\"nofollow\" href=\"https:\/\/www.journalducameroun.com\/burkina-faso-tirs-a-larme-lourde-et-tentative-de-coup-detat\/\">Burkina Faso : tirs \u00e0 l\u2019arme lourde et tentative de coup d\u2019\u00c9tat<\/a> est apparu en premier sur <a rel=\"nofollow\" href=\"https:\/\/www.journalducameroun.com\/\">Journal du Cameroun<\/a>.<\/p>\n<\/div>\n<p>Auteur: APA News<br \/>\n<a href=\"https:\/\/www.journalducameroun.com\/burkina-faso-tirs-a-larme-lourde-et-tentative-de-coup-detat\/\">Cliquez ici pour lire l&rsquo;article depuis sa source.<\/a><\/p>\n","protected":false},"excerpt":{"rendered":"<p>Le gouvernement burkinab\u00e9 confirme les tirs dans plusieurs casernes militaires mais d\u00e9ment la prise de pouvoir par l&rsquo;arm\u00e9e.Selon Alkassoum Ma\u00efga, \u00ab des informations v\u00e9hicul\u00e9es dans les r\u00e9seaux sociaux tendent \u00e0 faire croire \u00e0 une prise de pouvoir par l&rsquo;arm\u00e9e en ce jour 23 janvier 2022\u00a0\u00bb, a indiqu\u00e9 porte-parole du gouvernement. Avant d&rsquo;ajouter : \u00ab le [&hellip;]<\/p>\n","protected":false},"author":1965,"featured_media":0,"comment_status":"closed","ping_status":"closed","sticky":false,"template":"","format":"standard","meta":{"fifu_image_url":"https:\/\/www.journalducameroun.com\/wp-content\/uploads\/2022\/01\/16429366838887.jpg","fifu_image_alt":"Burkina Faso : tirs \u00e0 l\u2019arme lourde et tentative de coup d\u2019\u00c9tat","footnotes":""},"categories":[73,82],"tags":[],"class_list":["post-139252","post","type-post","status-publish","format-standard","hentry","category-actualite","category-cameroun"],"_links":{"self":[{"href":"https:\/\/linitiative.ca\/International\/wp-json\/wp\/v2\/posts\/139252","targetHints":{"allow":["GET"]}}],"collection":[{"href":"https:\/\/linitiative.ca\/International\/wp-json\/wp\/v2\/posts"}],"about":[{"href":"https:\/\/linitiative.ca\/International\/wp-json\/wp\/v2\/types\/post"}],"author":[{"embeddable":true,"href":"https:\/\/linitiative.ca\/International\/wp-json\/wp\/v2\/users\/1965"}],"replies":[{"embeddable":true,"href":"https:\/\/linitiative.ca\/International\/wp-json\/wp\/v2\/comments?post=139252"}],"version-history":[{"count":0,"href":"https:\/\/linitiative.ca\/International\/wp-json\/wp\/v2\/posts\/139252\/revisions"}],"wp:attachment":[{"href":"https:\/\/linitiative.ca\/International\/wp-json\/wp\/v2\/media?parent=139252"}],"wp:term":[{"taxonomy":"category","embeddable":true,"href":"https:\/\/linitiative.ca\/International\/wp-json\/wp\/v2\/categories?post=139252"},{"taxonomy":"post_tag","embeddable":true,"href":"https:\/\/linitiative.ca\/International\/wp-json\/wp\/v2\/tags?post=139252"}],"curies":[{"name":"wp","href":"https:\/\/api.w.org\/{rel}","templated":true}]}}