{"id":139254,"date":"2022-01-23T06:51:42","date_gmt":"2022-01-23T11:51:42","guid":{"rendered":"https:\/\/linitiative.ca\/International\/cooperation-les-pays-membres-de-loeacp-et-lunion-europeenne-peaufinent-leur-nouveau-partenariat\/"},"modified":"2022-01-23T06:51:42","modified_gmt":"2022-01-23T11:51:42","slug":"cooperation-les-pays-membres-de-loeacp-et-lunion-europeenne-peaufinent-leur-nouveau-partenariat","status":"publish","type":"post","link":"https:\/\/linitiative.ca\/International\/cooperation-les-pays-membres-de-loeacp-et-lunion-europeenne-peaufinent-leur-nouveau-partenariat\/","title":{"rendered":"Coop\u00e9ration : les pays membres de l\u2019Oeacp et l\u2019Union europ\u00e9enne peaufinent leur nouveau partenariat"},"content":{"rendered":"<div>\n<p><img decoding=\"async\" width=\"512\" height=\"269\" src=\"https:\/\/linitiative.ca\/International\/wp-content\/uploads\/sites\/23\/2022\/01\/Partenariat-Ue-Oeacp.jpg\" class=\"attachment-post-thumbnail size-post-thumbnail wp-post-image\" alt=\"\" loading=\"lazy\" srcset=\"https:\/\/linitiative.ca\/International\/wp-content\/uploads\/sites\/23\/2022\/01\/Partenariat-Ue-Oeacp.jpg 512w, https:\/\/www.journalducameroun.com\/wp-content\/uploads\/2022\/01\/Partenariat-Ue-Oeacp-300x158.jpg 300w\" sizes=\"auto, (max-width: 512px) 100vw, 512px\"><\/p>\n<h2 style=\"text-align: justify;\">Le nouvel accord entre l\u2019Organisation des Etats d\u2019Afrique Cara\u00efbes et pacifique (Oeacp) et l&rsquo;Union Europ\u00e9enne conna\u00eet une nouvelle \u00e9volution. Le partenariat a \u00e9t\u00e9 sign\u00e9 le 15 avril 2021 et s\u2019est vu amend\u00e9 au cours de la 113<sup>\u00e8me<\/sup>\u00a0session du conseil des ministres de l\u2019Oeacp qui s\u2019est tenue en visioconf\u00e9rence du 30 novembre au 2 d\u00e9cembre dernier.<\/h2>\n<p style=\"text-align: justify;\">Selon le document final qui a \u00e9t\u00e9 publi\u00e9 \u00e0 cet effet, le <strong>conseil des ministres de l\u2019Oeacp<\/strong> \u00a0s\u2019est f\u00e9licit\u00e9 de la prorogation des mesures transitoires permettant la prolongation de l\u2019<strong>Accord de Cotonou<\/strong> du 30 novembre 2021 \u00a0au 30 juin 2022. Le conseil a ainsi approuv\u00e9 \u00ab\u00a0<em>les amendements qui pr\u00e9voient \u00a0l\u2019inclusion des Etats membres de l\u2019union europ\u00e9enne dans la partie UE, et les corrections techniques, concernant la r\u00e9f\u00e9rence aux d\u00e9clarations de l\u2019article 6(1<\/em>)\u00a0\u00bb. Ainsi, douze d\u00e9cisions et trois r\u00e9solutions ont \u00e9t\u00e9 prises.<\/p>\n<p style=\"text-align: justify;\">Parmi ces r\u00e9solutions, on note entre autres les questions \u00a0li\u00e9es aux produits de base et aux \u00a0chaines de valeur,\u00a0 des questions\u00a0 commerciales ainsi que la r\u00e9solution sur la liste de l\u2019Ue \u00e0 propos \u00a0des juridictions fiscales non coop\u00e9ratives et\u00a0 celles des pays tiers \u00e0 haut risque dont,\u00a0 les dispositif de lutte contre <strong>le blanchiment de capitaux<\/strong> et le financement de terrorisme pr\u00e9sentent des carences.<\/p>\n<p style=\"text-align: justify;\">Le conseil \u00a0a en outre donn\u00e9 mandat au comit\u00e9 des ambassadeurs pour, \u00a0\u00ab\u00a0<em>approuver les corrections techniques apport\u00e9es aux dispositions du nouvel accord portant sur, \u00a0le r\u00e8glement \u00a0int\u00e9rieur des institutions conjointes dans les articles 88 (7), 89 (3) etc.<\/em>\u00a0\u00bb. Et finaliser avec, \u00a0les partenaires de l\u2019Ue la planification de la signature du nouvel accord. Le projet du budget du secr\u00e9tariat de <strong>l\u2019Oeacp\u00a0<\/strong> pour l\u2019exercice 2022 a\u00a0\u00e9galement \u00e9t\u00e9\u00a0approuv\u00e9.<\/p>\n<p style=\"text-align: justify;\">\u00a0Le dit budget a \u00e9t\u00e9 arr\u00eat\u00e9 \u00e0 9\u00a0230\u00a0313 euros pour l\u2019apport des membres ensuite \u00a0688\u00a0182 euros, au titre des recouvrements des arri\u00e9r\u00e9s des contributions et enfin \u00a0172908 euros en guise des imp\u00f4ts internes sur les \u00e9moluments des personnels. Il y\u2019a aussi, \u00a0la contribution de l\u2019UE qui s\u2019\u00e9l\u00e8ve \u00e0 \u00a04439691 euros.<\/p>\n<p style=\"text-align: justify;\">Au cours de la m\u00eame r\u00e9union, qu\u2019a pris part le ministre camerounais de l\u2019\u00e9conomie, de la planification et de l\u2019am\u00e9nagement du territoire (Minepat), \u00a0<strong>Alamine Ousmane Mey<\/strong>, par Visio conf\u00e9rence, \u00a0les participants se sont pench\u00e9s sur un certain nombre de sujets d\u2019int\u00e9r\u00eats communs. Notamment, \u00a0des sujets d\u2019ordre politiques \u00a0et strat\u00e9giques, \u00a0institutionnels \u00a0et de d\u00e9veloppement.<\/p>\n<p style=\"text-align: justify;\">C\u2019est le cas entre autres du processus post-Cotonou, le plan strat\u00e9gique de l\u2019Oeacp 2022-2025, \u00a0la cr\u00e9ation d\u2019une <strong>fondation culturelle<\/strong> de l&rsquo;organisation et\u00a0\u00a0la mise en \u0153uvre du programme cadre pour les cha\u00eenes\u00a0 de valeurs agricoles qui d\u00e9marrera cette ann\u00e9e.<\/p>\n<p style=\"text-align: justify;\">Il faut rappeler que,\u00a0C\u2019est en avril 2020 que, le groupe des <strong>\u00c9tats ACP<\/strong> est devenu l\u2019Organisation des \u00c9tats d\u2019Afrique, des Cara\u00efbes et du Pacifique (Oeacp), une organisation internationale qui compte 79 membres. Donc le Secr\u00e9taire g\u00e9n\u00e9ral est\u00a0\u00a0S.E \u00a0<strong>M. Tete Antonio<\/strong>, ministre des relations ext\u00e9rieures de la r\u00e9publique d\u2019Angola.<\/p>\n<p style=\"text-align: justify;\">\n<p style=\"text-align: justify;\"><strong>\u00a0<\/strong><\/p>\n<p style=\"text-align: justify;\"><strong>\u00a0<\/strong><\/p>\n<p style=\"text-align: justify;\"><strong>\u00a0<\/strong><\/p>\n<p style=\"text-align: justify;\"><strong>\u00a0<\/strong><\/p>\n<p>Cet article <a rel=\"nofollow\" href=\"https:\/\/www.journalducameroun.com\/cooperation-les-pays-membres-de-loeacp-et-lunion-europeenne-peaufinent-leur-nouveau-partenariat\/\">Coop\u00e9ration : les pays membres de l\u2019Oeacp et l\u2019Union europ\u00e9enne peaufinent leur nouveau partenariat<\/a> est apparu en premier sur <a rel=\"nofollow\" href=\"https:\/\/www.journalducameroun.com\/\">Journal du Cameroun<\/a>.<\/p>\n<\/div>\n<p>Auteur: Emile Zola Nd\u00e9 Tchoussi<br \/>\n<a href=\"https:\/\/www.journalducameroun.com\/cooperation-les-pays-membres-de-loeacp-et-lunion-europeenne-peaufinent-leur-nouveau-partenariat\/\">Cliquez ici pour lire l&rsquo;article depuis sa source.<\/a><\/p>\n","protected":false},"excerpt":{"rendered":"<p>Le nouvel accord entre l\u2019Organisation des Etats d\u2019Afrique Cara\u00efbes et pacifique (Oeacp) et l&rsquo;Union Europ\u00e9enne conna\u00eet une nouvelle \u00e9volution. Le partenariat a \u00e9t\u00e9 sign\u00e9 le 15 avril 2021 et s\u2019est vu amend\u00e9 au cours de la 113\u00e8me\u00a0session du conseil des ministres de l\u2019Oeacp qui s\u2019est tenue en visioconf\u00e9rence du 30 novembre au 2 d\u00e9cembre dernier. [&hellip;]<\/p>\n","protected":false},"author":1965,"featured_media":0,"comment_status":"closed","ping_status":"closed","sticky":false,"template":"","format":"standard","meta":{"fifu_image_url":"https:\/\/www.journalducameroun.com\/wp-content\/uploads\/2022\/01\/Partenariat-Ue-Oeacp.jpg","fifu_image_alt":"Coop\u00e9ration : les pays membres de l\u2019Oeacp et l\u2019Union europ\u00e9enne peaufinent leur nouveau partenariat","footnotes":""},"categories":[73,82],"tags":[],"class_list":["post-139254","post","type-post","status-publish","format-standard","hentry","category-actualite","category-cameroun"],"_links":{"self":[{"href":"https:\/\/linitiative.ca\/International\/wp-json\/wp\/v2\/posts\/139254","targetHints":{"allow":["GET"]}}],"collection":[{"href":"https:\/\/linitiative.ca\/International\/wp-json\/wp\/v2\/posts"}],"about":[{"href":"https:\/\/linitiative.ca\/International\/wp-json\/wp\/v2\/types\/post"}],"author":[{"embeddable":true,"href":"https:\/\/linitiative.ca\/International\/wp-json\/wp\/v2\/users\/1965"}],"replies":[{"embeddable":true,"href":"https:\/\/linitiative.ca\/International\/wp-json\/wp\/v2\/comments?post=139254"}],"version-history":[{"count":0,"href":"https:\/\/linitiative.ca\/International\/wp-json\/wp\/v2\/posts\/139254\/revisions"}],"wp:attachment":[{"href":"https:\/\/linitiative.ca\/International\/wp-json\/wp\/v2\/media?parent=139254"}],"wp:term":[{"taxonomy":"category","embeddable":true,"href":"https:\/\/linitiative.ca\/International\/wp-json\/wp\/v2\/categories?post=139254"},{"taxonomy":"post_tag","embeddable":true,"href":"https:\/\/linitiative.ca\/International\/wp-json\/wp\/v2\/tags?post=139254"}],"curies":[{"name":"wp","href":"https:\/\/api.w.org\/{rel}","templated":true}]}}