{"id":139256,"date":"2022-01-23T16:18:03","date_gmt":"2022-01-23T21:18:03","guid":{"rendered":"https:\/\/linitiative.ca\/International\/decryptage-ce-scrutin-local-est-un-barometre-pour-les-prochaines-echeances-politiques-au-senegal\/"},"modified":"2022-01-23T16:18:03","modified_gmt":"2022-01-23T21:18:03","slug":"decryptage-ce-scrutin-local-est-un-barometre-pour-les-prochaines-echeances-politiques-au-senegal","status":"publish","type":"post","link":"https:\/\/linitiative.ca\/International\/decryptage-ce-scrutin-local-est-un-barometre-pour-les-prochaines-echeances-politiques-au-senegal\/","title":{"rendered":"Decryptage: \u00ab\u00a0Ce scrutin local est un barom\u00e8tre pour les prochaines \u00e9ch\u00e9ances politiques au S\u00e9n\u00e9gal\u00a0\u00bb"},"content":{"rendered":"<div>\n<p><img decoding=\"async\" width=\"623\" height=\"409\" src=\"https:\/\/linitiative.ca\/International\/wp-content\/uploads\/sites\/23\/2022\/01\/16429726838134.jpg\" class=\"attachment-post-thumbnail size-post-thumbnail wp-post-image\" alt=\"\" loading=\"lazy\" srcset=\"https:\/\/linitiative.ca\/International\/wp-content\/uploads\/sites\/23\/2022\/01\/16429726838134.jpg 623w, https:\/\/www.journalducameroun.com\/wp-content\/uploads\/2022\/01\/16429726838134-300x197.jpg 300w, https:\/\/www.journalducameroun.com\/wp-content\/uploads\/2022\/01\/16429726838134-600x394.jpg 600w\" sizes=\"auto, (max-width: 623px) 100vw, 623px\"><\/p>\n<p>Barka Ba, journaliste analyste politique s\u00e9n\u00e9galais r\u00e9put\u00e9, analyse pour Apa news les enjeux des \u00e9lections locales et d\u00e9partementales qui se sont d\u00e9roul\u00e9es dimanche 23 janvier au S\u00e9n\u00e9gal.Ces \u00e9lections locales pr\u00e9sentent-elles un enjeu important pour la majorit\u00e9 pr\u00e9sidentielle?<\/p>\n<p>Ces \u00e9lections interviennent dans un contexte particulier pour la majorit\u00e9 au pouvoir au S\u00e9n\u00e9gal. Apr\u00e8s sa victoire au premier tour lors de la pr\u00e9sidentielle de 2019, Macky Sall \u00e9tait sorti renforc\u00e9. Au point que sous pr\u00e9texte de \u00ab fast track \u00bb, il avait supprim\u00e9 le poste de Premier ministre et s&rsquo;\u00e9tait d\u00e9barrass\u00e9 de certaines figurent importantes de son parti. Mais les \u00e9meutes de mars 2020 ont secou\u00e9 le pays et le pouvoir avec, \u00a0obligeant ce dernier \u00e0 prendre des mesures d&rsquo;urgence pour calmer la col\u00e8re des jeunes, frange de la population qui \u00e9tait en pointe dans cette contestation.\u00a0Les \u00e9lections locales constituent donc un bon barom\u00e8tre avant les l\u00e9gislatives pour voir si le pouvoir qui contr\u00f4lait jusqu&rsquo;\u00e0 l\u00e0 la quasi totalit\u00e9 \u00a0des collectivit\u00e9s locales va garder son h\u00e9g\u00e9monie ou verra celle-ci fortement contest\u00e9e et entamer ainsi la toute puissance de la coalition au pouvoir dont le moteur reste l&rsquo;Apr (Alliance pour le R\u00e9publique) le parti du pr\u00e9sident Macky Sall.<\/p>\n<p>Que repr\u00e9sente ce scrutin pour l&rsquo;opposition? <\/p>\n<p>L&rsquo;opposition se pr\u00e9sente \u00e0 ce scrutin dans un contexte particulier. Durant le premier mandat de Macky Sall, elle avait fortement p\u00e2ti de l&#8217;emprisonnement de deux de ses figures importantes: \u00a0Karim Wade, fils de l&rsquo;ancien pr\u00e9sident Abdoulaye Wade qu&rsquo;un tribunal avait condamn\u00e9,en 2015, \u00e0 six ans de prison ferme et 138 milliards de francs CFA d&rsquo;amende pour enrichissement illicite et Khalifa Sall, alors d\u00e9put\u00e9 et maire de Dakar qui lui avait \u00e9cop\u00e9 en 2018 d&rsquo;une peine de cinq ans de prison le privant de se droits civiques tout comme cela avait \u00e9t\u00e9 le cas pour Karim Wade. Mais l&rsquo;entr\u00e9e en sc\u00e8ne fracassante sur la sc\u00e8ne politique quelques ann\u00e9es plus tard d&rsquo;Ousmane Sonko, jusqu&rsquo;alors inconnu du grand public, a permis \u00e0 l&rsquo;opposition de retrouver des couleurs face au rouleau compresseur du pouvoir qui a pu neutraliser par cooptation un leader comme Idrissa Seck o\u00f9 des figures importantes du de l&rsquo;ancien parti au pouvoir le PDS (Parti d\u00e9mocratique s\u00e9n\u00e9galais). Aujourd&rsquo;hui, les dynamiques d&rsquo;alliances qui marquent le camp des adversaires du pouvoir semblent \u00eatre dict\u00e9es plus par la realpolitik que par de vraies convergences id\u00e9ologiques.<\/p>\n<p>Cet article <a rel=\"nofollow\" href=\"https:\/\/www.journalducameroun.com\/decryptage-ce-scrutin-local-est-un-barometre-pour-les-prochaines-echeances-politiques-au-senegal\/\">Decryptage: \u00ab\u00a0Ce scrutin local est un barom\u00e8tre pour les prochaines \u00e9ch\u00e9ances politiques au S\u00e9n\u00e9gal\u00a0\u00bb<\/a> est apparu en premier sur <a rel=\"nofollow\" href=\"https:\/\/www.journalducameroun.com\/\">Journal du Cameroun<\/a>.<\/p>\n<\/div>\n<p>Auteur: APA News<br \/>\n<a href=\"https:\/\/www.journalducameroun.com\/decryptage-ce-scrutin-local-est-un-barometre-pour-les-prochaines-echeances-politiques-au-senegal\/\">Cliquez ici pour lire l&rsquo;article depuis sa source.<\/a><\/p>\n","protected":false},"excerpt":{"rendered":"<p>Barka Ba, journaliste analyste politique s\u00e9n\u00e9galais r\u00e9put\u00e9, analyse pour Apa news les enjeux des \u00e9lections locales et d\u00e9partementales qui se sont d\u00e9roul\u00e9es dimanche 23 janvier au S\u00e9n\u00e9gal.Ces \u00e9lections locales pr\u00e9sentent-elles un enjeu important pour la majorit\u00e9 pr\u00e9sidentielle? Ces \u00e9lections interviennent dans un contexte particulier pour la majorit\u00e9 au pouvoir au S\u00e9n\u00e9gal. Apr\u00e8s sa victoire au [&hellip;]<\/p>\n","protected":false},"author":1965,"featured_media":0,"comment_status":"closed","ping_status":"closed","sticky":false,"template":"","format":"standard","meta":{"fifu_image_url":"https:\/\/www.journalducameroun.com\/wp-content\/uploads\/2022\/01\/16429726838134.jpg","fifu_image_alt":"Decryptage: \u00ab\u00a0Ce scrutin local est un barom\u00e8tre pour les prochaines \u00e9ch\u00e9ances politiques au S\u00e9n\u00e9gal\u00a0\u00bb","footnotes":""},"categories":[73,82],"tags":[],"class_list":["post-139256","post","type-post","status-publish","format-standard","hentry","category-actualite","category-cameroun"],"_links":{"self":[{"href":"https:\/\/linitiative.ca\/International\/wp-json\/wp\/v2\/posts\/139256","targetHints":{"allow":["GET"]}}],"collection":[{"href":"https:\/\/linitiative.ca\/International\/wp-json\/wp\/v2\/posts"}],"about":[{"href":"https:\/\/linitiative.ca\/International\/wp-json\/wp\/v2\/types\/post"}],"author":[{"embeddable":true,"href":"https:\/\/linitiative.ca\/International\/wp-json\/wp\/v2\/users\/1965"}],"replies":[{"embeddable":true,"href":"https:\/\/linitiative.ca\/International\/wp-json\/wp\/v2\/comments?post=139256"}],"version-history":[{"count":0,"href":"https:\/\/linitiative.ca\/International\/wp-json\/wp\/v2\/posts\/139256\/revisions"}],"wp:attachment":[{"href":"https:\/\/linitiative.ca\/International\/wp-json\/wp\/v2\/media?parent=139256"}],"wp:term":[{"taxonomy":"category","embeddable":true,"href":"https:\/\/linitiative.ca\/International\/wp-json\/wp\/v2\/categories?post=139256"},{"taxonomy":"post_tag","embeddable":true,"href":"https:\/\/linitiative.ca\/International\/wp-json\/wp\/v2\/tags?post=139256"}],"curies":[{"name":"wp","href":"https:\/\/api.w.org\/{rel}","templated":true}]}}