{"id":139260,"date":"2022-01-23T11:32:57","date_gmt":"2022-01-23T16:32:57","guid":{"rendered":"https:\/\/linitiative.ca\/International\/infrastructures-lue-la-cemac-et-la-ceeac-passe-en-revue-un-portefeuille-de-230-milliards-de-fcfa\/"},"modified":"2022-01-23T11:32:57","modified_gmt":"2022-01-23T16:32:57","slug":"infrastructures-lue-la-cemac-et-la-ceeac-passe-en-revue-un-portefeuille-de-230-milliards-de-fcfa","status":"publish","type":"post","link":"https:\/\/linitiative.ca\/International\/infrastructures-lue-la-cemac-et-la-ceeac-passe-en-revue-un-portefeuille-de-230-milliards-de-fcfa\/","title":{"rendered":"Infrastructures : l\u2019UE, la Cemac et la Ceeac passe en revue un portefeuille de 230 milliards de Fcfa"},"content":{"rendered":"<div>\n<p>C\u2019est une fois de plus dans la capitale \u00e9conomique camerounaise que la Cemac (Communaut\u00e9 \u00c9conomique des \u00c9tats de l\u2019Afrique centrale) et l\u2019Union Europ\u00e9enne (UE) se r\u00e9unissent pour dresser l\u2019\u00e9tat des lieux des projets int\u00e9grateurs de la sous-r\u00e9gion Afrique centrale. Sous la co-pr\u00e9sidence de Daniel Ona Ondo, le Pr\u00e9sident de la Commission de la Cemac, et, Philippe Van Damme, le Chef de la D\u00e9l\u00e9gation de l\u2019Union Europ\u00e9enne au Cameroun, Douala a abrite l\u2019atelier r\u00e9gional de restitution et validation des r\u00e9sultats de la mission d\u2019assistance technique pour l\u2019identification des projets d\u2019infrastructures r\u00e9gionales et nationales en Afrique centrale. Projets dont le financement seront r\u00e9alis\u00e9s \u00e0 terme, en mode blending. L\u2019objectif du projet, d\u2019apr\u00e8s Daniel Ona Ondo, porte sur \u00abun partage de r\u00e9sultats de la mission d\u2019assistance technique avec l\u2019ensemble des b\u00e9n\u00e9ficiaires du Programme d\u2019appui \u00e0 la gouvernance des infrastructures\u00a0r\u00e9gionales et nationales en Afrique centrale\u00a0 (PAGIRN) en vue de leur compl\u00e9tude en mati\u00e8re d\u2019informations fournies, et de leur\u00a0 appropriation au niveau national\u00bb.<\/p>\n<p><strong>Lire aussi :<\/strong> <strong><a href=\"https:\/\/ecomatin.net\/cemac-lunion-europeenne-investit-13-milliards-dans-la-lutte-contres-les-accidents-de-la-route\/\">Cemac : l\u2019Union europ\u00e9enne investit 13 milliards dans la lutte contre les accidents de la route<\/a><\/strong><\/p>\n<p>Le\u00a0Pagirn\u00a0tire ses racines de la convention sign\u00e9e en juin 2015 \u00e0 Bruxelles entre l\u2019Union Europ\u00e9enne d\u2019une part et la Cemac et la Ceaac, d\u2019autre part, dans le cadre du 11\u00e8me FED, d\u2019un montant de 350 millions d\u2019Euros (environ 230 milliards de FCFA). Les parties avaient s\u2019\u00e9taient \u00e9galement accord\u00e9s sur le choix d\u2019un partenaire d\u2019assistance technique pour la ma\u00eetrise d\u2019ouvrage en mati\u00e8re de gouvernance des infrastructures r\u00e9gionales et nationales. Le Consortium Cowi\/Ecorys sera retenu pour conduire la mission. Son cahier de charge portait sp\u00e9cifiquement sur l\u2019identification des projets r\u00e9gionaux dans les secteurs des transports terrestres (routier et ferroviaire), du transport fluvial, d\u2019\u00e9nergie et des technologies d\u2019information et de communication, l\u2019analyse des projets r\u00e9gionaux identifi\u00e9s, la recherche des financements en mode blending des projets r\u00e9gionaux aupr\u00e8s des bailleurs de fonds impliqu\u00e9s, et l\u2019\u00e9laboration d\u2019un r\u00e9pertoire de projets r\u00e9gionaux \u00e9ligibles au mode de financement blending sur la base des informations collect\u00e9es aupr\u00e8s des \u00c9tats et des institutions sp\u00e9cialis\u00e9es bas\u00e9es en r\u00e9gion Afrique centrale.<\/p>\n<p><strong>Lire aussi :<\/strong> <strong><a href=\"https:\/\/ecomatin.net\/cemac-2-projets-integrateurs-sur-12-lances\/\">Cemac : 2 projets int\u00e9grateurs sur 12 lanc\u00e9s<\/a><\/strong><\/p>\n<p>Il est \u00e0 relever que l\u2019enveloppe globale de la convention entre l\u2019UE et les deux organisations d\u2019int\u00e9gration r\u00e9gionale d\u2019Afrique centrale pr\u00e9voit une enveloppe de 115 millions (75,4 milliards de FCFA) d\u2019Euros destin\u00e9e au volet \u00abinfrastructures r\u00e9gionales\u00bb et 20 millions d\u2019Euros (13,1 milliards de FCFA) pour \u00abl\u2019appui \u00e0 la gouvernance des infrastructures\u00bb. L\u2019atelier de Douala participe par cons\u00e9quent du processus de mise en place de ce projet \u00e0 travers la restitution des travaux r\u00e9alis\u00e9s par le consortium Cowi\/ECorys. Hormis la participation des repr\u00e9sentants de l\u2019UE, de la Cemac, la Ceeac, ou du Minist\u00e8re des finances, signalons la pr\u00e9sence \u00e0 ce\u00a0 s\u00e9minaire technique des d\u00e9l\u00e9gations de la Banque Europ\u00e9enne d\u2019investissements (BEI), la Banque Africaine de D\u00e9veloppement (BAD), la Banque Mondiale (BAD), l\u2019Agence Fran\u00e7aise de D\u00e9veloppement (AFD), la Banque de coop\u00e9ration Allemande (KFW), entre autres.<\/p>\n<p><strong>Lire aussi :<\/strong> <strong><a href=\"https:\/\/ecomatin.net\/projets-integrateurs-de-la-cemac-les-partenaires-sont-connus\/\">Projets int\u00e9grateurs de la Cemac : les partenaires sont connus<\/a><\/strong><\/p>\n<p>Le 20 janvier 2022, les repr\u00e9sentants de ces diff\u00e9rentes institutions planchent sur la liste des projets d\u2019infrastructures r\u00e9gionales par secteur, consensuellement adopt\u00e9s par les Etats. Seront \u00e9galement examin\u00e9s, les m\u00e9canismes de leur financement blending sur la base des informations collect\u00e9es aupr\u00e8s des \u00c9tats membres et de leurs institutions sp\u00e9cialis\u00e9es, ainsi que le niveau d\u2019appropriation du projet par ces derniers.\u00a0<\/p>\n<p>L\u2019article <a rel=\"nofollow\" href=\"https:\/\/ecomatin.net\/infrastructures-lue-la-cemac-et-la-ceeac-passe-en-revue-un-portefeuille-de-230-milliards-de-fcfa\/\">Infrastructures : l\u2019UE, la Cemac et la Ceeac passe en revue un portefeuille de 230 milliards de Fcfa<\/a> est apparu en premier sur <a rel=\"nofollow\" href=\"https:\/\/ecomatin.net\/\">EcoMatin<\/a>.<\/p>\n<\/div>\n<p>Auteur: Georges Semey<br \/>\n<a href=\"https:\/\/ecomatin.net\/infrastructures-lue-la-cemac-et-la-ceeac-passe-en-revue-un-portefeuille-de-230-milliards-de-fcfa\/\">Cliquez ici pour lire l&rsquo;article depuis sa source.<\/a><\/p>\n","protected":false},"excerpt":{"rendered":"<p>C\u2019est une fois de plus dans la capitale \u00e9conomique camerounaise que la Cemac (Communaut\u00e9 \u00c9conomique des \u00c9tats de l\u2019Afrique centrale) et l\u2019Union Europ\u00e9enne (UE) se r\u00e9unissent pour dresser l\u2019\u00e9tat des lieux des projets int\u00e9grateurs de la sous-r\u00e9gion Afrique centrale. Sous la co-pr\u00e9sidence de Daniel Ona Ondo, le Pr\u00e9sident de la Commission de la Cemac, et, [&hellip;]<\/p>\n","protected":false},"author":1969,"featured_media":0,"comment_status":"closed","ping_status":"closed","sticky":false,"template":"","format":"standard","meta":{"fifu_image_url":"","fifu_image_alt":"","footnotes":""},"categories":[82,78],"tags":[],"class_list":["post-139260","post","type-post","status-publish","format-standard","hentry","category-cameroun","category-economie"],"_links":{"self":[{"href":"https:\/\/linitiative.ca\/International\/wp-json\/wp\/v2\/posts\/139260","targetHints":{"allow":["GET"]}}],"collection":[{"href":"https:\/\/linitiative.ca\/International\/wp-json\/wp\/v2\/posts"}],"about":[{"href":"https:\/\/linitiative.ca\/International\/wp-json\/wp\/v2\/types\/post"}],"author":[{"embeddable":true,"href":"https:\/\/linitiative.ca\/International\/wp-json\/wp\/v2\/users\/1969"}],"replies":[{"embeddable":true,"href":"https:\/\/linitiative.ca\/International\/wp-json\/wp\/v2\/comments?post=139260"}],"version-history":[{"count":0,"href":"https:\/\/linitiative.ca\/International\/wp-json\/wp\/v2\/posts\/139260\/revisions"}],"wp:attachment":[{"href":"https:\/\/linitiative.ca\/International\/wp-json\/wp\/v2\/media?parent=139260"}],"wp:term":[{"taxonomy":"category","embeddable":true,"href":"https:\/\/linitiative.ca\/International\/wp-json\/wp\/v2\/categories?post=139260"},{"taxonomy":"post_tag","embeddable":true,"href":"https:\/\/linitiative.ca\/International\/wp-json\/wp\/v2\/tags?post=139260"}],"curies":[{"name":"wp","href":"https:\/\/api.w.org\/{rel}","templated":true}]}}