{"id":139261,"date":"2022-01-23T11:36:56","date_gmt":"2022-01-23T16:36:56","guid":{"rendered":"https:\/\/linitiative.ca\/International\/activite-statistique-lins-sapproprie-la-snds30-nouvel-outil-de-suivi-evaluation\/"},"modified":"2022-01-23T11:36:56","modified_gmt":"2022-01-23T16:36:56","slug":"activite-statistique-lins-sapproprie-la-snds30-nouvel-outil-de-suivi-evaluation","status":"publish","type":"post","link":"https:\/\/linitiative.ca\/International\/activite-statistique-lins-sapproprie-la-snds30-nouvel-outil-de-suivi-evaluation\/","title":{"rendered":"Activit\u00e9 statistique : l\u2019INS s\u2019approprie la SNDS30 nouvel outil de suivi-\u00e9valuation"},"content":{"rendered":"<div>\n<p>Le 20 janvier 2022, s\u2019est tenue au si\u00e8ge de l\u2019Institut national de la statistique (INS), la r\u00e9union annuelle\u00a0 de ses services centraux et d\u00e9concentr\u00e9s. Les travaux plac\u00e9s sous le th\u00e8me \u00abLa gouvernance de l\u2019INS au service de la SND30\u00a0\u00bb, ont vu la participation de plusieurs personnels de l\u2019INS, au rang desquels le Directeur g\u00e9n\u00e9ral, Joseph Tedou, son adjoint She Etoundi, de m\u00eame que les chefs d\u2019agence r\u00e9gionales, et bien d\u2019autres.\u00a0<\/p>\n<p><strong>Lire aussi<\/strong> : <strong><a href=\"https:\/\/ecomatin.net\/renforcement-des-capacites-less-journalistess-a-lecole-dess-donnees-statistiques\/\">Renforcement des capacit\u00e9s : les journalistes \u00e0 l\u2019\u00e9cole des donn\u00e9es statistiques<\/a><\/strong><\/p>\n<p>Cette rencontre annuelle avait alors pour objectif g\u00e9n\u00e9ral de susciter l\u2019appropriation par les responsables des instruments de suivi-\u00e9valuation de la SND30 (Strat\u00e9gie nationale de d\u00e9veloppement 2020-2030) et les encourager \u00e0 d\u00e9velopper des m\u00e9canismes de production des donn\u00e9es statistiques dans un environnement contraignant. De fa\u00e7on sp\u00e9cifique, il \u00e9tait question de d\u00e9crire et expliquer les processus d\u2019\u00e9laboration et l\u2019int\u00e9r\u00eat de la SNDS30, pr\u00e9senter les contenus et l\u2019utilisation du sch\u00e9ma directeur de la statistique locale et mobiliser les participants sur l\u2019utilisation du CNAQ (Cadre national d\u2019assurance qualit\u00e9 des statistiques publiques).<\/p>\n<p><strong>Lire aussi :<\/strong> <strong><a href=\"https:\/\/ecomatin.net\/3-projets-de-textes-dapplication-en-vue-pour-encadrer-lactivite-statistique\/\">3 projets de textes d\u2019application en vue pour encadrer l\u2019activit\u00e9 statistique<\/a><\/strong><\/p>\n<p>Comme outil de suivi-\u00e9valuation de la SND30 figure, la Strat\u00e9gie nationale de d\u00e9veloppement de la statistique (SNDS30). Point cl\u00e9 de la rencontre, la SNDS30 se d\u00e9finie comme le cadre de r\u00e9f\u00e9rence de l\u2019activit\u00e9 statistique nationale. Celle-ci s\u2019aligne sur les diff\u00e9rentes articulations de la SND30. Durant la rencontre annuelle des services centraux et d\u00e9concentr\u00e9s de l\u2019INS, tout un expos\u00e9 y a \u00e9t\u00e9 consacr\u00e9 sous le th\u00e8me \u00ab\u00a0Appropriation de la SNDS30\u00a0\u00bb. Durant celui-ci, les diff\u00e9rents acteurs ont \u00e9t\u00e9 \u00e9difi\u00e9s sur le cadre normatif de la\u00a0 SND30 \u00e9l\u00e9ment de d\u00e9part de la SNDS30, les innovations qu\u2019elle comporte et les perspectives et l\u2019int\u00e9gration de ces innovations dans la mise en \u0153uvre courante des activit\u00e9s \u00e0 l\u2019INS. A l\u2019issue de celui-ci, il a alors \u00e9t\u00e9 recommand\u00e9 aux diff\u00e9rents intervenants impliqu\u00e9s dans la cha\u00eene de cette politique nationale de l\u2019activit\u00e9 statistique, de mieux se l\u2019approprier et de suivre les nouvelles orientations qui y figurent dans le cadre du suivi-\u00e9valuation.<\/p>\n<p>Toujours au courant de ces travaux, les participants ont aussi \u00e9t\u00e9 entretenus sur le sch\u00e9ma directeur de la statistique locale, la mise en \u0153uvre de l\u2019assurance qualit\u00e9, et les innovations li\u00e9es aux proc\u00e9dures financi\u00e8res et comptables applicables aux EPA. De fa\u00e7on g\u00e9n\u00e9rale pour le compte de l\u2019ann\u00e9e 2022 il est recommand\u00e9 aux responsables de l\u2019INS dans le cadre de la SNDS30 de finaliser les travaux du sch\u00e9ma directeur de la statistique locale, et d\u2019ins\u00e9rer dans le BIP 2023 de l\u2019institution le financement des activit\u00e9s de suivi-\u00e9valuation de la SNDS30. A cela s\u2019ajoute la promotion d\u2019une d\u00e9marche qualit\u00e9, veill\u00e9 \u00e0 une am\u00e9lioration continue de la qualit\u00e9 des produits statistiques\u2026<\/p>\n<p><strong>Lire aussi <\/strong>: <strong><a href=\"https:\/\/ecomatin.net\/le-secteur-culturel-a-contribue-a-hauteur-r-de-415-milliards-de-fcfa-au-pib-en-2019\/\">Le secteur culturel a contribu\u00e9 \u00e0 hauteur de 41,5 milliards de Fcfa au PIB en 2019<\/a><\/strong><\/p>\n<p><strong>R\u00e9compenses<\/strong><\/p>\n<p>La rencontre annuelle des services centraux et d\u00e9concentr\u00e9s de l\u2019organe en charge des statistiques \u00e9tait coupl\u00e9e, la c\u00e9r\u00e9monie officielle de remise des m\u00e9dailles d\u2019honneur du travail \u00e0 son personnel. C\u00e9r\u00e9monie pr\u00e9sid\u00e9e par le Pr\u00e9fet du d\u00e9partement du Mfoundi Emmanuel Mariel Djikdent. Ce sont au total 29 r\u00e9cipiendaires qui ont \u00e9t\u00e9 d\u00e9cor\u00e9s ce jour. Soit 20 m\u00e9dailles en argent pour les personnels qui totalisent plus de 10 ans de services au sein de l\u2019INS, 6 en vermeille pour ceux de plus de 15 ans de services et 3 en or pour ceux qui totalisent plus de 25 ans. Aux m\u00e9daill\u00e9s du jour qui sont encore en service, Joseph Tedou, Directeur de l\u2019INS recommande plus d\u2019ardeur au travail. Et pour ceux dont c\u2019\u00e9tait la derni\u00e8re, il a tenu \u00e0 leur adress\u00e9 ses sinc\u00e8res remerciements.<\/p>\n<p>L\u2019article <a rel=\"nofollow\" href=\"https:\/\/ecomatin.net\/activite-statistique-lins-sapproprie-la-snds30-nouvel-outil-de-suivi-evaluation\/\">Activit\u00e9 statistique : l\u2019INS s\u2019approprie la SNDS30 nouvel outil de suivi-\u00e9valuation<\/a> est apparu en premier sur <a rel=\"nofollow\" href=\"https:\/\/ecomatin.net\/\">EcoMatin<\/a>.<\/p>\n<\/div>\n<p>Auteur: Cindy MBALA<br \/>\n<a href=\"https:\/\/ecomatin.net\/activite-statistique-lins-sapproprie-la-snds30-nouvel-outil-de-suivi-evaluation\/\">Cliquez ici pour lire l&rsquo;article depuis sa source.<\/a><\/p>\n","protected":false},"excerpt":{"rendered":"<p>Le 20 janvier 2022, s\u2019est tenue au si\u00e8ge de l\u2019Institut national de la statistique (INS), la r\u00e9union annuelle\u00a0 de ses services centraux et d\u00e9concentr\u00e9s. Les travaux plac\u00e9s sous le th\u00e8me \u00abLa gouvernance de l\u2019INS au service de la SND30\u00a0\u00bb, ont vu la participation de plusieurs personnels de l\u2019INS, au rang desquels le Directeur g\u00e9n\u00e9ral, Joseph [&hellip;]<\/p>\n","protected":false},"author":1969,"featured_media":0,"comment_status":"closed","ping_status":"closed","sticky":false,"template":"","format":"standard","meta":{"fifu_image_url":"","fifu_image_alt":"","footnotes":""},"categories":[82,78],"tags":[],"class_list":["post-139261","post","type-post","status-publish","format-standard","hentry","category-cameroun","category-economie"],"_links":{"self":[{"href":"https:\/\/linitiative.ca\/International\/wp-json\/wp\/v2\/posts\/139261","targetHints":{"allow":["GET"]}}],"collection":[{"href":"https:\/\/linitiative.ca\/International\/wp-json\/wp\/v2\/posts"}],"about":[{"href":"https:\/\/linitiative.ca\/International\/wp-json\/wp\/v2\/types\/post"}],"author":[{"embeddable":true,"href":"https:\/\/linitiative.ca\/International\/wp-json\/wp\/v2\/users\/1969"}],"replies":[{"embeddable":true,"href":"https:\/\/linitiative.ca\/International\/wp-json\/wp\/v2\/comments?post=139261"}],"version-history":[{"count":0,"href":"https:\/\/linitiative.ca\/International\/wp-json\/wp\/v2\/posts\/139261\/revisions"}],"wp:attachment":[{"href":"https:\/\/linitiative.ca\/International\/wp-json\/wp\/v2\/media?parent=139261"}],"wp:term":[{"taxonomy":"category","embeddable":true,"href":"https:\/\/linitiative.ca\/International\/wp-json\/wp\/v2\/categories?post=139261"},{"taxonomy":"post_tag","embeddable":true,"href":"https:\/\/linitiative.ca\/International\/wp-json\/wp\/v2\/tags?post=139261"}],"curies":[{"name":"wp","href":"https:\/\/api.w.org\/{rel}","templated":true}]}}