{"id":139262,"date":"2022-01-23T11:41:37","date_gmt":"2022-01-23T16:41:37","guid":{"rendered":"https:\/\/linitiative.ca\/International\/cameroun-comores-antonio-conceicao-confiant\/"},"modified":"2022-01-23T11:41:37","modified_gmt":"2022-01-23T16:41:37","slug":"cameroun-comores-antonio-conceicao-confiant","status":"publish","type":"post","link":"https:\/\/linitiative.ca\/International\/cameroun-comores-antonio-conceicao-confiant\/","title":{"rendered":"Cameroun Comores: Antonio Conceicao confiant"},"content":{"rendered":"<div>\n<p>Concernant l\u2019adversaire ( Comores) du 24 janvier 2022, l\u2019entra\u00eeneur confie avoir recueilli des informations en analysant les forces et les faiblesses des Comores. Pour lui, \u00ab\u00a0Il s\u2019agit d\u2019une \u00e9quipe comp\u00e9titive qui a une bonne dynamique. Notre objectif est de gagner. Nous avons une ambiance positive.<\/p>\n<p>Sur les critiques qui fusent sur Andr\u00e9 Onana, il a r\u00e9pondu qu\u2019elles ne sont pas \u00ab\u00a0justifi\u00e9es\u00a0\u00bb car les gardiens de but sont ceux qui font les premi\u00e8res relances. C\u2019est ce r\u00f4le qu\u2019il joue. \u00ab\u00a0Andr\u00e9 Onana est un gardien qui a une bonne trajectoire dans le football europ\u00e9en. C\u2019est un probl\u00e8me culturel. Certains ne sont pas habitu\u00e9s \u00e0 le voir \u00e9voluer dans ce registre\u00a0\u00bb.<\/p>\n<p>Concernant la gestion de son effectif, il explique, \u00a0\u00bb 24 joueurs sur 28 ont \u00e9t\u00e9 utilis\u00e9s. Il est question de savoir g\u00e9rer le groupe. Nous avons fait deux ou trois modifications par match sur un plan strat\u00e9gique. Nous G\u00e9rons plusieurs contingences, notamment les cartons. Il y a des risques \u00e0 la fin du match, nous g\u00e9rons. Pour le reste, nous continuons \u00e0 motiver les joueurs en leur disant qu\u2019ils sont au service de l\u2019\u00e9quipe. Dans une comp\u00e9tition de cette dimension, la pression vient de partout. Nous n\u2019avons pas la pr\u00e9tention de la diluer car elle est positive parce que tout le monde veut gagner. Nous voulons continuer notre parcours jusqu\u2019au 06 f\u00e9vrier en restant concentr\u00e9 sur le travail que nous abattons\u00a0\u00bb conclut l\u2019entra\u00eeneur camerounais.<\/p>\n<p>L\u2019article <a rel=\"nofollow\" href=\"https:\/\/ecomatin.net\/cameroun-comores-antonio-conceicao-confiant\/\">Cameroun Comores: Antonio Conceicao confiant<\/a> est apparu en premier sur <a rel=\"nofollow\" href=\"https:\/\/ecomatin.net\/\">EcoMatin<\/a>.<\/p>\n<\/div>\n<p>Auteur: EcoMatin<br \/>\n<a href=\"https:\/\/ecomatin.net\/cameroun-comores-antonio-conceicao-confiant\/\">Cliquez ici pour lire l&rsquo;article depuis sa source.<\/a><\/p>\n","protected":false},"excerpt":{"rendered":"<p>Concernant l\u2019adversaire ( Comores) du 24 janvier 2022, l\u2019entra\u00eeneur confie avoir recueilli des informations en analysant les forces et les faiblesses des Comores. Pour lui, \u00ab\u00a0Il s\u2019agit d\u2019une \u00e9quipe comp\u00e9titive qui a une bonne dynamique. Notre objectif est de gagner. Nous avons une ambiance positive. Sur les critiques qui fusent sur Andr\u00e9 Onana, il a [&hellip;]<\/p>\n","protected":false},"author":1969,"featured_media":0,"comment_status":"closed","ping_status":"closed","sticky":false,"template":"","format":"standard","meta":{"fifu_image_url":"","fifu_image_alt":"","footnotes":""},"categories":[82,78],"tags":[],"class_list":["post-139262","post","type-post","status-publish","format-standard","hentry","category-cameroun","category-economie"],"_links":{"self":[{"href":"https:\/\/linitiative.ca\/International\/wp-json\/wp\/v2\/posts\/139262","targetHints":{"allow":["GET"]}}],"collection":[{"href":"https:\/\/linitiative.ca\/International\/wp-json\/wp\/v2\/posts"}],"about":[{"href":"https:\/\/linitiative.ca\/International\/wp-json\/wp\/v2\/types\/post"}],"author":[{"embeddable":true,"href":"https:\/\/linitiative.ca\/International\/wp-json\/wp\/v2\/users\/1969"}],"replies":[{"embeddable":true,"href":"https:\/\/linitiative.ca\/International\/wp-json\/wp\/v2\/comments?post=139262"}],"version-history":[{"count":0,"href":"https:\/\/linitiative.ca\/International\/wp-json\/wp\/v2\/posts\/139262\/revisions"}],"wp:attachment":[{"href":"https:\/\/linitiative.ca\/International\/wp-json\/wp\/v2\/media?parent=139262"}],"wp:term":[{"taxonomy":"category","embeddable":true,"href":"https:\/\/linitiative.ca\/International\/wp-json\/wp\/v2\/categories?post=139262"},{"taxonomy":"post_tag","embeddable":true,"href":"https:\/\/linitiative.ca\/International\/wp-json\/wp\/v2\/tags?post=139262"}],"curies":[{"name":"wp","href":"https:\/\/api.w.org\/{rel}","templated":true}]}}