{"id":139277,"date":"2022-01-24T06:20:51","date_gmt":"2022-01-24T11:20:51","guid":{"rendered":"https:\/\/linitiative.ca\/International\/bientot-des-tribunaux-administratifs-et-de-commerce-a-laayoune-et-dakhla\/"},"modified":"2022-01-24T06:20:51","modified_gmt":"2022-01-24T11:20:51","slug":"bientot-des-tribunaux-administratifs-et-de-commerce-a-laayoune-et-dakhla","status":"publish","type":"post","link":"https:\/\/linitiative.ca\/International\/bientot-des-tribunaux-administratifs-et-de-commerce-a-laayoune-et-dakhla\/","title":{"rendered":"Bient\u00f4t des tribunaux administratifs et de commerce \u00e0 La\u00e2youne et Dakhla"},"content":{"rendered":"<div>\n<p class=\"has-text-align-center has-vivid-red-color has-text-color\"><strong>Justice<\/strong><\/p>\n<p class=\"has-black-color has-text-color\"><strong>Les villes de La\u00e2youne et de Dakhla seront bient\u00f4t dot\u00e9s de tribunaux administratifs et de commerce en vue de renforcer les services judiciaires dans les provinces du Sud du Royaume.<\/strong><\/p>\n<p class=\"has-black-color has-text-color\">La r\u00e9alisation de ces nouvelles institutions judiciaires s\u2019inscrit dans le cadre des efforts visant \u00e0 rapprocher les services de justice des habitants des r\u00e9gions du Sahara marocain, a d\u00e9clar\u00e9 vendredi \u00e0 La\u00e2youne le ministre de la Justice, Abdellatif Ouahbi.<\/p>\n<p class=\"has-black-color has-text-color\">Accompagn\u00e9 du premier pr\u00e9sident de la Cour de cassation, pr\u00e9sident d\u00e9l\u00e9gu\u00e9 du Conseil sup\u00e9rieur du pouvoir judiciaire, Mohamed Abdennabaoui, du procureur g\u00e9n\u00e9ral du Roi pr\u00e8s la Cour de cassation, pr\u00e9sident du Minist\u00e8re public, El Hassan Daki, et du wali de la r\u00e9gion La\u00e2youne-Sakia El Hamra, Abdeslam Bekrate, le ministre a visit\u00e9 les terrains devant abriter le tribunal administratif et le tribunal de commerce de La\u00e2youne.<br \/>Ces deux projets qui seront r\u00e9alis\u00e9s sur un terrain de 5.684 m2, dont une superficie couverte de 2.860 m2, mobiliseront une enveloppe budg\u00e9taire totale d\u2019environ 26 millions de dirhams.<\/p>\n<p class=\"has-black-color has-text-color\">Les deux tribunaux de deux \u00e9tages chacun comprendront des bureaux, des salles d\u2019archives, des salles d\u2019audience, en plus des espaces d\u2019accueil pour les usages et des d\u00e9pendances sanitaires.<br \/>Apr\u00e8s La\u00e2youne, M. Ouahbi s\u2019est rendu \u00e0 Tarafaya o\u00f9 il a visit\u00e9 le centre judiciaire construit sur une superficie couverte de 2225 m2. Cet \u00e9difice, qui a pour objectif de rapprocher les prestations judiciaires des habitants de Tarfaya, comprend notamment 12 bureaux, deux salles d\u2019archives, deux salles d\u2019audience, des espaces de d\u00e9tention, deux salles de d\u00e9lib\u00e9ration, une salle de r\u00e9union ainsi qu\u2019une buvette.<\/p>\n<p class=\"has-black-color has-text-color\">Outre ces chantiers, plusieurs projets phares dans la circonscription judiciaire de La\u00e2youne ont \u00e9t\u00e9 achev\u00e9s, en cours de construction ou en phase d\u2019\u00e9tude pour un budget de plus de 96,1 millions de dirhams.<br \/>Il s\u2019agit du Centre r\u00e9gional d\u2019archivage de La\u00e2youne (22,4 MDH), de la reconstruction du tribunal de premi\u00e8re instance de La\u00e2youne (plus de 57 MDH), en plus de la r\u00e9alisation du centre du juge r\u00e9sidant \u00e0 Bir Gandouz (10 MDH) et de l\u2019am\u00e9nagement du centre de juge r\u00e9sidant \u00e0 Boujdour (6 MDH).<br \/>Ces projets visent \u00e0 rapprocher l\u2019administration judiciaire des usages, \u00e0 fournir des services de qualit\u00e9 et \u00e0 am\u00e9liorer les conditions de travail du personnel.<\/p>\n<p>L\u2019article <a rel=\"nofollow\" href=\"http:\/\/albayane.press.ma\/bientot-des-tribunaux-administratifs-et-de-commerce-a-laayoune-et-dakhla.html\">Bient\u00f4t des tribunaux administratifs et de commerce \u00e0 La\u00e2youne et Dakhla<\/a> est apparu en premier sur <a rel=\"nofollow\" href=\"http:\/\/albayane.press.ma\/\">ALBAYANE<\/a>.<\/p>\n<\/div>\n<p>Auteur: M&rsquo;hammed rahal<br \/>\n<a href=\"http:\/\/albayane.press.ma\/bientot-des-tribunaux-administratifs-et-de-commerce-a-laayoune-et-dakhla.html\">Cliquez ici pour lire l&rsquo;article depuis sa source.<\/a><\/p>\n","protected":false},"excerpt":{"rendered":"<p>Justice Les villes de La\u00e2youne et de Dakhla seront bient\u00f4t dot\u00e9s de tribunaux administratifs et de commerce en vue de renforcer les services judiciaires dans les provinces du Sud du Royaume. La r\u00e9alisation de ces nouvelles institutions judiciaires s\u2019inscrit dans le cadre des efforts visant \u00e0 rapprocher les services de justice des habitants des r\u00e9gions [&hellip;]<\/p>\n","protected":false},"author":1760,"featured_media":0,"comment_status":"closed","ping_status":"closed","sticky":false,"template":"","format":"standard","meta":{"fifu_image_url":"","fifu_image_alt":"","footnotes":""},"categories":[73,54],"tags":[],"class_list":["post-139277","post","type-post","status-publish","format-standard","hentry","category-actualite","category-maroc"],"_links":{"self":[{"href":"https:\/\/linitiative.ca\/International\/wp-json\/wp\/v2\/posts\/139277","targetHints":{"allow":["GET"]}}],"collection":[{"href":"https:\/\/linitiative.ca\/International\/wp-json\/wp\/v2\/posts"}],"about":[{"href":"https:\/\/linitiative.ca\/International\/wp-json\/wp\/v2\/types\/post"}],"author":[{"embeddable":true,"href":"https:\/\/linitiative.ca\/International\/wp-json\/wp\/v2\/users\/1760"}],"replies":[{"embeddable":true,"href":"https:\/\/linitiative.ca\/International\/wp-json\/wp\/v2\/comments?post=139277"}],"version-history":[{"count":0,"href":"https:\/\/linitiative.ca\/International\/wp-json\/wp\/v2\/posts\/139277\/revisions"}],"wp:attachment":[{"href":"https:\/\/linitiative.ca\/International\/wp-json\/wp\/v2\/media?parent=139277"}],"wp:term":[{"taxonomy":"category","embeddable":true,"href":"https:\/\/linitiative.ca\/International\/wp-json\/wp\/v2\/categories?post=139277"},{"taxonomy":"post_tag","embeddable":true,"href":"https:\/\/linitiative.ca\/International\/wp-json\/wp\/v2\/tags?post=139277"}],"curies":[{"name":"wp","href":"https:\/\/api.w.org\/{rel}","templated":true}]}}