{"id":139278,"date":"2022-01-24T06:23:58","date_gmt":"2022-01-24T11:23:58","guid":{"rendered":"https:\/\/linitiative.ca\/International\/linstance-conjointe-de-coordination-entre-le-ministere-de-la-justice-et-le-cspj-tient-sa-2eme-reunion-a-laayoune\/"},"modified":"2022-01-24T06:23:58","modified_gmt":"2022-01-24T11:23:58","slug":"linstance-conjointe-de-coordination-entre-le-ministere-de-la-justice-et-le-cspj-tient-sa-2eme-reunion-a-laayoune","status":"publish","type":"post","link":"https:\/\/linitiative.ca\/International\/linstance-conjointe-de-coordination-entre-le-ministere-de-la-justice-et-le-cspj-tient-sa-2eme-reunion-a-laayoune\/","title":{"rendered":"L\u2019instance conjointe de coordination entre le minist\u00e8re de la justice et le CSPJ tient sa 2\u00e8me r\u00e9union \u00e0 La\u00e2youne"},"content":{"rendered":"<div>\n<p class=\"has-text-align-center has-vivid-red-color has-text-color\"><strong>Justice<\/strong><\/p>\n<p class=\"has-black-color has-text-color\"><strong>La deuxi\u00e8me r\u00e9union de l\u2019instance conjointe de coordination entre le minist\u00e8re de la justice et le Conseil sup\u00e9rieur du pouvoir judiciaire (CSPJ) s\u2019est tenue vendredi \u00e0 La\u00e2youne.<\/strong><\/p>\n<p class=\"has-black-color has-text-color\">Cette r\u00e9union s\u2019est d\u00e9roul\u00e9e en pr\u00e9sence du ministre de la Justice, Abdellatif Ouahbi, du premier pr\u00e9sident de la Cour de cassation, pr\u00e9sident d\u00e9l\u00e9gu\u00e9 du Conseil sup\u00e9rieur du pouvoir judiciaire, Mohamed Abdennabaoui, et du procureur g\u00e9n\u00e9ral du Roi pr\u00e8s la Cour de cassation, pr\u00e9sident du Minist\u00e8re public, El Hassan Daki.<br \/>Cette rencontre a pour objectif de renforcer la coordination entre les principaux acteurs du syst\u00e8me judiciaire sur les questions li\u00e9es au fonctionnement et \u00e0 l\u2019administration judiciaire.<\/p>\n<p class=\"has-black-color has-text-color\">Les responsables du syst\u00e8me judiciaire ont fait le bilan de l\u2019action de l\u2019instance conjointe et examin\u00e9 plusieurs questions concernant la modernisation et la digitalisation de la justice, l\u2019actualisation de la carte judiciaire, les infrastructures judiciaires et la gestion des archives.<br \/>L\u2019instance conjointe entre le minist\u00e8re de la Justice et le Conseil sup\u00e9rieur du pouvoir judiciaire a \u00e9t\u00e9 cr\u00e9\u00e9e apr\u00e8s la mise en \u0153uvre de l\u2019ind\u00e9pendance du pouvoir judiciaire et la cr\u00e9ation du Conseil sup\u00e9rieur du pouvoir judiciaire et de l\u2019institution de la Pr\u00e9sidence du minist\u00e8re public.<\/p>\n<p class=\"has-black-color has-text-color\">Elle a pour mission de veiller \u00e0 ce que les diff\u00e9rentes juridictions du Royaume disposent de tous les moyens humains et mat\u00e9riels leur permettant d\u2019assumer leurs missions dans les meilleures conditions.<br \/>En mati\u00e8re de ressources humaines, elle \u00e9labore les programmes de formation des responsables judiciaires (pr\u00e9sidents des tribunaux, procureurs\u2026) dans le domaine de l\u2019administration judiciaire et \u00e9tudie \u00e9galement toute proposition ayant pour objet d\u2019am\u00e9liorer le fonctionnement et l\u2019efficience de l\u2019administration judiciaire.<br \/>D\u2019autres domaines font, en outre, l\u2019objet de coordination comme la coop\u00e9ration internationale, l\u2019organisation et le contr\u00f4le des professions juridiques et judiciaires et l\u2019acc\u00e8s de l\u2019autorit\u00e9 judiciaire au syst\u00e8me d\u2019information des tribunaux.<\/p>\n<p class=\"has-black-color has-text-color\">Dans une d\u00e9claration \u00e0 la presse, le ministre de la Justice a indiqu\u00e9 que la r\u00e9union a adopt\u00e9 plusieurs projets au service de la justice et des justiciables, ajoutant que ces projets portent sur la digitalisation, les archives et les projets de nouvelles juridictions qui seront \u00e9difi\u00e9es dans plusieurs r\u00e9gions du Royaume.<br \/>Parmi ces grands projets, a-t-il ajout\u00e9, la r\u00e9union a d\u00e9cid\u00e9 la cr\u00e9ation de tribunaux administratifs et de commerce \u00e0 La\u00e2youne et Dakhla, pour rapprocher la justice des habitants du Sahara marocain.<\/p>\n<p class=\"has-black-color has-text-color\">M. Abdennabaoui a soulign\u00e9, de son c\u00f4t\u00e9, que l\u2019instance de coordination a adopt\u00e9 plusieurs projets qui concernent le d\u00e9veloppement et la modernisation du syst\u00e8me judiciaire marocain, en particulier dans les r\u00e9gions du Sahara marocain, notamment la num\u00e9risation des archives, la carte judiciaire et la cr\u00e9ation de nouveaux tribunaux et de centres de juges r\u00e9sidant.<\/p>\n<p class=\"has-black-color has-text-color\">Les d\u00e9bats se sont d\u00e9roul\u00e9s dans un esprit de coop\u00e9ration \u00ab\u00a0positive\u00a0\u00bb entre les institutions judiciaires conform\u00e9ment aux dispositions de la Constitution en vue d\u2019une meilleure gestion de l\u2019administration judiciaire, a-t-il ajout\u00e9 saluant le soutien apport\u00e9 par le minist\u00e8re de la Justice au pouvoir judiciaire.<\/p>\n<p>L\u2019article <a rel=\"nofollow\" href=\"http:\/\/albayane.press.ma\/linstance-conjointe-de-coordination-entre-le-ministere-de-la-justice-et-le-cspj-tient-sa-2eme-reunion-a-laayoune.html\">L\u2019instance conjointe de coordination entre le minist\u00e8re de la justice et le CSPJ tient sa 2\u00e8me r\u00e9union \u00e0 La\u00e2youne<\/a> est apparu en premier sur <a rel=\"nofollow\" href=\"http:\/\/albayane.press.ma\/\">ALBAYANE<\/a>.<\/p>\n<\/div>\n<p>Auteur: M&rsquo;hammed rahal<br \/>\n<a href=\"http:\/\/albayane.press.ma\/linstance-conjointe-de-coordination-entre-le-ministere-de-la-justice-et-le-cspj-tient-sa-2eme-reunion-a-laayoune.html\">Cliquez ici pour lire l&rsquo;article depuis sa source.<\/a><\/p>\n","protected":false},"excerpt":{"rendered":"<p>Justice La deuxi\u00e8me r\u00e9union de l\u2019instance conjointe de coordination entre le minist\u00e8re de la justice et le Conseil sup\u00e9rieur du pouvoir judiciaire (CSPJ) s\u2019est tenue vendredi \u00e0 La\u00e2youne. Cette r\u00e9union s\u2019est d\u00e9roul\u00e9e en pr\u00e9sence du ministre de la Justice, Abdellatif Ouahbi, du premier pr\u00e9sident de la Cour de cassation, pr\u00e9sident d\u00e9l\u00e9gu\u00e9 du Conseil sup\u00e9rieur du [&hellip;]<\/p>\n","protected":false},"author":1760,"featured_media":0,"comment_status":"closed","ping_status":"closed","sticky":false,"template":"","format":"standard","meta":{"fifu_image_url":"","fifu_image_alt":"","footnotes":""},"categories":[73,54],"tags":[],"class_list":["post-139278","post","type-post","status-publish","format-standard","hentry","category-actualite","category-maroc"],"_links":{"self":[{"href":"https:\/\/linitiative.ca\/International\/wp-json\/wp\/v2\/posts\/139278","targetHints":{"allow":["GET"]}}],"collection":[{"href":"https:\/\/linitiative.ca\/International\/wp-json\/wp\/v2\/posts"}],"about":[{"href":"https:\/\/linitiative.ca\/International\/wp-json\/wp\/v2\/types\/post"}],"author":[{"embeddable":true,"href":"https:\/\/linitiative.ca\/International\/wp-json\/wp\/v2\/users\/1760"}],"replies":[{"embeddable":true,"href":"https:\/\/linitiative.ca\/International\/wp-json\/wp\/v2\/comments?post=139278"}],"version-history":[{"count":0,"href":"https:\/\/linitiative.ca\/International\/wp-json\/wp\/v2\/posts\/139278\/revisions"}],"wp:attachment":[{"href":"https:\/\/linitiative.ca\/International\/wp-json\/wp\/v2\/media?parent=139278"}],"wp:term":[{"taxonomy":"category","embeddable":true,"href":"https:\/\/linitiative.ca\/International\/wp-json\/wp\/v2\/categories?post=139278"},{"taxonomy":"post_tag","embeddable":true,"href":"https:\/\/linitiative.ca\/International\/wp-json\/wp\/v2\/tags?post=139278"}],"curies":[{"name":"wp","href":"https:\/\/api.w.org\/{rel}","templated":true}]}}