{"id":139279,"date":"2022-01-24T06:27:28","date_gmt":"2022-01-24T11:27:28","guid":{"rendered":"https:\/\/linitiative.ca\/International\/la-presidente-de-la-haca-sentretient-avec-lambassadeur-de-la-republique-de-pologne-au-maroc\/"},"modified":"2022-01-24T06:27:28","modified_gmt":"2022-01-24T11:27:28","slug":"la-presidente-de-la-haca-sentretient-avec-lambassadeur-de-la-republique-de-pologne-au-maroc","status":"publish","type":"post","link":"https:\/\/linitiative.ca\/International\/la-presidente-de-la-haca-sentretient-avec-lambassadeur-de-la-republique-de-pologne-au-maroc\/","title":{"rendered":"La Pr\u00e9sidente de la HACA s\u2019entretient avec l\u2019Ambassadeur de la R\u00e9publique de Pologne au Maroc"},"content":{"rendered":"<div>\n<p class=\"has-text-align-center has-vivid-red-color has-text-color\"><strong>M\u00e9dias<\/strong><\/p>\n<p class=\"has-black-color has-text-color\"><strong>Latifa Akharbach, Pr\u00e9sidente de la Haute Autorit\u00e9 de la Communication Audiovisuelle, a re\u00e7u le 20 Janvier 2022 au si\u00e8ge de l\u2019instance,\u00a0M. Krzysztof Karwowski, Ambassadeur de Pologne au Maroc.\u00a0<\/strong><\/p>\n<p class=\"has-black-color has-text-color\">Lors de cette entrevue, les \u00e9changes ont port\u00e9 essentiellement sur la pr\u00e9sentation des exp\u00e9riences respectives des deux pays dans le domaine de la r\u00e9gulation des m\u00e9dias. M. Karwowski a bri\u00e8vement expos\u00e9 \u00e0 cette occasion les grandes caract\u00e9ristiques du paysage audiovisuel polonais et les attributions du Conseil National de la Radiodiffusion, le KRRiT, instance constitutionnelle ind\u00e9pendante en charge de la r\u00e9gulation des m\u00e9dias en Pologne. Pour sa part, la Pr\u00e9sidente de la HACA a exprim\u00e9 la volont\u00e9 d\u2019ouverture de l\u2019instance marocaine sur les exp\u00e9riences internationales en mati\u00e8re de r\u00e9gulation, ouverture qui \u2013 a-t-elle estim\u00e9 est devenue indispensable en raison des grandes transformations connues par les syst\u00e8mes m\u00e9diatiques du fait des \u00e9volutions acc\u00e9l\u00e9r\u00e9es des technologies num\u00e9riques.<\/p>\n<p class=\"has-black-color has-text-color\">A ce propos, Mme Akharbach a mis l\u2019accent sur l\u2019importance accrue de la veille professionnelle dans ce domaine et du suivi continu de la connaissance et des expertises par le biais notamment de l\u2019approfondissement de la coop\u00e9ration entre plateformes de r\u00e9gulateurs. Elle a \u00e9galement not\u00e9 \u00e0 l\u2019intention de l\u2019ambassadeur Karwowski, que la HACA, tr\u00e8s active au sein du R\u00e9seau des Instances Africaines de r\u00e9gulation de la Communication, (RIARC), suit aussi avec beaucoup d\u2019int\u00e9r\u00eat l\u2019action en mati\u00e8re notamment de r\u00e9gulation des plateformes num\u00e9riques globales du Groupe des r\u00e9gulateurs europ\u00e9ens des services de m\u00e9dias audiovisuels, l\u2019ERGA, dont le r\u00e9gulateur polonais est membre.<\/p>\n<p>L\u2019article <a rel=\"nofollow\" href=\"http:\/\/albayane.press.ma\/la-presidente-de-la-haca-sentretient-avec-lambassadeur-de-la-republique-de-pologne-au-maroc.html\">La Pr\u00e9sidente de la HACA s\u2019entretient avec l\u2019Ambassadeur de la R\u00e9publique de Pologne au Maroc<\/a> est apparu en premier sur <a rel=\"nofollow\" href=\"http:\/\/albayane.press.ma\/\">ALBAYANE<\/a>.<\/p>\n<\/div>\n<p>Auteur: M&rsquo;hammed rahal<br \/>\n<a href=\"http:\/\/albayane.press.ma\/la-presidente-de-la-haca-sentretient-avec-lambassadeur-de-la-republique-de-pologne-au-maroc.html\">Cliquez ici pour lire l&rsquo;article depuis sa source.<\/a><\/p>\n","protected":false},"excerpt":{"rendered":"<p>M\u00e9dias Latifa Akharbach, Pr\u00e9sidente de la Haute Autorit\u00e9 de la Communication Audiovisuelle, a re\u00e7u le 20 Janvier 2022 au si\u00e8ge de l\u2019instance,\u00a0M. Krzysztof Karwowski, Ambassadeur de Pologne au Maroc.\u00a0 Lors de cette entrevue, les \u00e9changes ont port\u00e9 essentiellement sur la pr\u00e9sentation des exp\u00e9riences respectives des deux pays dans le domaine de la r\u00e9gulation des m\u00e9dias. [&hellip;]<\/p>\n","protected":false},"author":1760,"featured_media":0,"comment_status":"closed","ping_status":"closed","sticky":false,"template":"","format":"standard","meta":{"fifu_image_url":"","fifu_image_alt":"","footnotes":""},"categories":[73,54],"tags":[],"class_list":["post-139279","post","type-post","status-publish","format-standard","hentry","category-actualite","category-maroc"],"_links":{"self":[{"href":"https:\/\/linitiative.ca\/International\/wp-json\/wp\/v2\/posts\/139279","targetHints":{"allow":["GET"]}}],"collection":[{"href":"https:\/\/linitiative.ca\/International\/wp-json\/wp\/v2\/posts"}],"about":[{"href":"https:\/\/linitiative.ca\/International\/wp-json\/wp\/v2\/types\/post"}],"author":[{"embeddable":true,"href":"https:\/\/linitiative.ca\/International\/wp-json\/wp\/v2\/users\/1760"}],"replies":[{"embeddable":true,"href":"https:\/\/linitiative.ca\/International\/wp-json\/wp\/v2\/comments?post=139279"}],"version-history":[{"count":0,"href":"https:\/\/linitiative.ca\/International\/wp-json\/wp\/v2\/posts\/139279\/revisions"}],"wp:attachment":[{"href":"https:\/\/linitiative.ca\/International\/wp-json\/wp\/v2\/media?parent=139279"}],"wp:term":[{"taxonomy":"category","embeddable":true,"href":"https:\/\/linitiative.ca\/International\/wp-json\/wp\/v2\/categories?post=139279"},{"taxonomy":"post_tag","embeddable":true,"href":"https:\/\/linitiative.ca\/International\/wp-json\/wp\/v2\/tags?post=139279"}],"curies":[{"name":"wp","href":"https:\/\/api.w.org\/{rel}","templated":true}]}}