{"id":139280,"date":"2022-01-24T06:37:01","date_gmt":"2022-01-24T11:37:01","guid":{"rendered":"https:\/\/linitiative.ca\/International\/hamouni-quattend-le-gouvernement-pour-agir-pour-faire-face-a-labsence-des-pluies\/"},"modified":"2022-01-24T06:37:01","modified_gmt":"2022-01-24T11:37:01","slug":"hamouni-quattend-le-gouvernement-pour-agir-pour-faire-face-a-labsence-des-pluies","status":"publish","type":"post","link":"https:\/\/linitiative.ca\/International\/hamouni-quattend-le-gouvernement-pour-agir-pour-faire-face-a-labsence-des-pluies\/","title":{"rendered":"Hamouni : qu\u2019attend le gouvernement pour agir pour faire face \u00e0 l\u2019absence des pluies"},"content":{"rendered":"<div>\n<p class=\"has-text-align-center has-vivid-red-color has-text-color\"><strong>LE PPS AU PARLEMENT<\/strong><\/p>\n<p class=\"has-black-color has-text-color\"><strong>Mais qu\u2019attend le gouvernement pour prendre des mesures d\u2019urgence dans le but d\u2019assurer aux Marocains la s\u00e9curit\u00e9 hydrique n\u00e9cessaire (eau potable et eaux d\u2019irrigation), s\u2019est interrog\u00e9 le pr\u00e9sident du groupe du progr\u00e8s et du socialisme, Rachid Hamouni dans une question orale au ministre de l\u2019\u00e9quipement et de l\u2019eau Nizar Baraka.<\/strong><\/p>\n<p class=\"has-black-color has-text-color\"><strong>Prenant la parole lors de la s\u00e9ance des questions orales du lundi 17 janvier courant, le pr\u00e9sident du GPS a expliqu\u00e9 que sans eau, les habitants n\u2019auront plus de choix que d\u2019\u00e9migrer pour survivre.<\/strong><\/p>\n<p class=\"has-black-color has-text-color\"><strong>Apr\u00e8s l\u2019\u00e9puisement continu des eaux souterraines et l\u2019absence de pluies, il n\u2019y a plus de temps \u00e0 perdre pour annoncer des mesures d\u2019urgence en vue de faire face \u00e0 la p\u00e9nurie en eau potable et en eaux d\u2019irrigation dans plusieurs r\u00e9gions du pays, a-t-il dit.<\/strong><\/p>\n<p class=\"has-black-color has-text-color\"><strong>La menace d\u2019un stress hydrique s\u00e9v\u00e8re plane en effet sur le Maroc, a-t-il rappel\u00e9, soulignant la n\u00e9cessit\u00e9 d\u2019agir sans plus tarder avant que les habitants ne soient contraints d\u2019organiser dans 3 ou \u00a05 mois des marches et des manifestations de tout genre contre le spectre de la soif dans de nombreuses provinces du pays.<\/strong><\/p>\n<p class=\"has-black-color has-text-color\"><strong>Quelques-unes de ces provinces ne disposent que d\u2019une r\u00e9serve de trois mois en eau potable, a-t-il not\u00e9.<\/strong><\/p>\n<p class=\"has-black-color has-text-color\"><strong>Apr\u00e8s avoir soulign\u00e9 que l\u2019agriculture consomme plus de 80% des eaux du pays, il a estim\u00e9 n\u00e9cessaire de revoir le cas de certaines cultures tr\u00e8s consommatrices d\u2019eau, malgr\u00e9 leur faible teneur en nutriments indispensables \u00e0 la vie. Il faut agir vite dans ce sens, car la nappe phr\u00e9atique, dont les r\u00e9serves ne d\u00e9passent pas les quelque quatre (4) milliards de m3, en perd chaque ann\u00e9e cinq milliards (5) de m3, un d\u00e9ficit d\u2019un milliard qui n\u2019est pas toujours renouvel\u00e9 par les eaux de pluie.<\/strong><\/p>\n<p class=\"has-black-color has-text-color\"><strong>Quoiqu\u2019il en soit, le gouvernement se doit de reprendre notamment la construction des barrages collinaires et faire preuve d\u2019innovation pour faire face \u00e0 cette s\u00e9cheresse qui se profile \u00e0 l\u2019horizon, a-t-il laiss\u00e9 entendre. \u00a0\u00a0\u00a0\u00a0<\/strong><\/p>\n<p class=\"has-black-color has-text-color\"><strong>A noter que selon la toute r\u00e9cente \u00e9tude du World Resources Institute (WRI), le Maroc atteindra un niveau de stress hydrique extr\u00eamement \u00e9lev\u00e9 d\u2019ici 2040.<\/strong><\/p>\n<p class=\"has-black-color has-text-color\"><strong>Selon l\u2019ONU, le Maroc est d\u00e9j\u00e0 consid\u00e9r\u00e9 en stress hydrique avec seulement 500 m3 d\u2019eau potable par habitant et par an, contre 2.500 m3 en 1960.<\/strong><\/p>\n<p>L\u2019article <a rel=\"nofollow\" href=\"http:\/\/albayane.press.ma\/hamouni-quattend-le-gouvernement-pour-agir-pour-faire-face-a-labsence-des-pluies.html\">Hamouni : qu\u2019attend le gouvernement pour agir pour faire face \u00e0 l\u2019absence des pluies<\/a> est apparu en premier sur <a rel=\"nofollow\" href=\"http:\/\/albayane.press.ma\/\">ALBAYANE<\/a>.<\/p>\n<\/div>\n<p>Auteur: M&rsquo;hammed rahal<br \/>\n<a href=\"http:\/\/albayane.press.ma\/hamouni-quattend-le-gouvernement-pour-agir-pour-faire-face-a-labsence-des-pluies.html\">Cliquez ici pour lire l&rsquo;article depuis sa source.<\/a><\/p>\n","protected":false},"excerpt":{"rendered":"<p>LE PPS AU PARLEMENT Mais qu\u2019attend le gouvernement pour prendre des mesures d\u2019urgence dans le but d\u2019assurer aux Marocains la s\u00e9curit\u00e9 hydrique n\u00e9cessaire (eau potable et eaux d\u2019irrigation), s\u2019est interrog\u00e9 le pr\u00e9sident du groupe du progr\u00e8s et du socialisme, Rachid Hamouni dans une question orale au ministre de l\u2019\u00e9quipement et de l\u2019eau Nizar Baraka. Prenant [&hellip;]<\/p>\n","protected":false},"author":1760,"featured_media":0,"comment_status":"closed","ping_status":"closed","sticky":false,"template":"","format":"standard","meta":{"fifu_image_url":"","fifu_image_alt":"","footnotes":""},"categories":[73,54],"tags":[],"class_list":["post-139280","post","type-post","status-publish","format-standard","hentry","category-actualite","category-maroc"],"_links":{"self":[{"href":"https:\/\/linitiative.ca\/International\/wp-json\/wp\/v2\/posts\/139280","targetHints":{"allow":["GET"]}}],"collection":[{"href":"https:\/\/linitiative.ca\/International\/wp-json\/wp\/v2\/posts"}],"about":[{"href":"https:\/\/linitiative.ca\/International\/wp-json\/wp\/v2\/types\/post"}],"author":[{"embeddable":true,"href":"https:\/\/linitiative.ca\/International\/wp-json\/wp\/v2\/users\/1760"}],"replies":[{"embeddable":true,"href":"https:\/\/linitiative.ca\/International\/wp-json\/wp\/v2\/comments?post=139280"}],"version-history":[{"count":0,"href":"https:\/\/linitiative.ca\/International\/wp-json\/wp\/v2\/posts\/139280\/revisions"}],"wp:attachment":[{"href":"https:\/\/linitiative.ca\/International\/wp-json\/wp\/v2\/media?parent=139280"}],"wp:term":[{"taxonomy":"category","embeddable":true,"href":"https:\/\/linitiative.ca\/International\/wp-json\/wp\/v2\/categories?post=139280"},{"taxonomy":"post_tag","embeddable":true,"href":"https:\/\/linitiative.ca\/International\/wp-json\/wp\/v2\/tags?post=139280"}],"curies":[{"name":"wp","href":"https:\/\/api.w.org\/{rel}","templated":true}]}}