{"id":139281,"date":"2022-01-24T06:50:47","date_gmt":"2022-01-24T11:50:47","guid":{"rendered":"https:\/\/linitiative.ca\/International\/une-delegation-de-la-direction-du-pps-rend-visite-a-la-famille-de-feu-houcine-kamari\/"},"modified":"2022-01-24T06:50:47","modified_gmt":"2022-01-24T11:50:47","slug":"une-delegation-de-la-direction-du-pps-rend-visite-a-la-famille-de-feu-houcine-kamari","status":"publish","type":"post","link":"https:\/\/linitiative.ca\/International\/une-delegation-de-la-direction-du-pps-rend-visite-a-la-famille-de-feu-houcine-kamari\/","title":{"rendered":"Une d\u00e9l\u00e9gation de la direction du PPS rend visite \u00e0 la famille de feu Houcine Kamari"},"content":{"rendered":"<div>\n<p class=\"has-text-align-center has-vivid-red-color has-text-color\"><strong>Militant, po\u00e8te et \u00a0dramaturge<\/strong><\/p>\n<p class=\"has-text-align-left has-black-color has-text-color\"><strong>Une d\u00e9l\u00e9gation de la direction du PPS, conduite par son Secr\u00e9taire et compos\u00e9e de Sa\u00efd Sihida et Mohamed Salou, a rendu visite, vendredi \u00e0 Rabat, \u00e0 la famille du po\u00e8te, dramaturge et militant, le d\u00e9funt Houcine Kamari. La d\u00e9l\u00e9gation a renouvel\u00e9 les condol\u00e9ances, au nom des militantes et militantes du Parti, dont le regrett\u00e9 feu \u00e9tait l\u2019un de ses cadres intellectuels et responsables pendant des d\u00e9cennies.<\/strong><\/p>\n<p class=\"has-text-align-left has-black-color has-text-color\">Cette visite familiale a permis d\u2019\u00e9voquer le parcours du d\u00e9funt et de nombreux souvenirs communs, ainsi que ses diff\u00e9rentes actions et initiatives associatives audacieuses, outre ses nombreuses activit\u00e9s partisanes \u00e0 Nador, \u00e0 c\u00f4t\u00e9 de son brillant parcours scolaire et judiciaire, de ses nobles qualit\u00e9s humaines, ses bonnes relations sociales, son affection paternelle et ses \u00e9gards g\u00e9n\u00e9reux pour sa petite famille.<\/p>\n<p class=\"has-text-align-left has-black-color has-text-color\">La d\u00e9l\u00e9gation de la direction du Parti a \u00e9t\u00e9 re\u00e7ue par la veuve du d\u00e9funt, Mme Fatima Kaddaoui, sa fille Meryem et son fils Hatem, ainsi que par sa belle-soeur, le professeur Karima Kaddaoui. <\/p>\n<p class=\"has-text-align-left has-black-color has-text-color\">La visite a \u00e9t\u00e9 l\u2019occasion pour le Secr\u00e9taire g\u00e9n\u00e9ral du PPS de leur renouveler ses plus sinc\u00e8res condol\u00e9ances et compassion. Elle a constitu\u00e9 une rencontre familiale de camaraderie qui a permis de rem\u00e9morer les liens de l\u2019appartenance partisane \u00e0 la lutte commune et les souvenirs l\u2019action militante du parti \u00e0 Nador et dans les provinces du Rif, dont le d\u00e9funt est consid\u00e9r\u00e9 comme l\u2019un de ses symboles historiques.<\/p>\n<p class=\"has-text-align-left has-black-color has-text-color\">La d\u00e9l\u00e9gation du PPS et la petite famille du d\u00e9funt ont \u00e9galement discut\u00e9 de la volont\u00e9 du Parti de comm\u00e9morer le quaranti\u00e8me jour du d\u00e9c\u00e8s du regrett\u00e9 d\u00e9funt afin de faire conna\u00eetre sa riche lutte et sa cr\u00e9ativit\u00e9 aux g\u00e9n\u00e9rations actuelles.<\/p>\n<p>L\u2019article <a rel=\"nofollow\" href=\"http:\/\/albayane.press.ma\/une-delegation-de-la-direction-du-pps-rend-visite-a-la-famille-de-feu-houcine-kamari.html\">Une d\u00e9l\u00e9gation de la direction du PPS rend visite \u00e0 la famille de feu Houcine Kamari<\/a> est apparu en premier sur <a rel=\"nofollow\" href=\"http:\/\/albayane.press.ma\/\">ALBAYANE<\/a>.<\/p>\n<\/div>\n<p>Auteur: M&rsquo;hammed rahal<br \/>\n<a href=\"http:\/\/albayane.press.ma\/une-delegation-de-la-direction-du-pps-rend-visite-a-la-famille-de-feu-houcine-kamari.html\">Cliquez ici pour lire l&rsquo;article depuis sa source.<\/a><\/p>\n","protected":false},"excerpt":{"rendered":"<p>Militant, po\u00e8te et \u00a0dramaturge Une d\u00e9l\u00e9gation de la direction du PPS, conduite par son Secr\u00e9taire et compos\u00e9e de Sa\u00efd Sihida et Mohamed Salou, a rendu visite, vendredi \u00e0 Rabat, \u00e0 la famille du po\u00e8te, dramaturge et militant, le d\u00e9funt Houcine Kamari. La d\u00e9l\u00e9gation a renouvel\u00e9 les condol\u00e9ances, au nom des militantes et militantes du Parti, [&hellip;]<\/p>\n","protected":false},"author":1760,"featured_media":0,"comment_status":"closed","ping_status":"closed","sticky":false,"template":"","format":"standard","meta":{"fifu_image_url":"","fifu_image_alt":"","footnotes":""},"categories":[73,54],"tags":[],"class_list":["post-139281","post","type-post","status-publish","format-standard","hentry","category-actualite","category-maroc"],"_links":{"self":[{"href":"https:\/\/linitiative.ca\/International\/wp-json\/wp\/v2\/posts\/139281","targetHints":{"allow":["GET"]}}],"collection":[{"href":"https:\/\/linitiative.ca\/International\/wp-json\/wp\/v2\/posts"}],"about":[{"href":"https:\/\/linitiative.ca\/International\/wp-json\/wp\/v2\/types\/post"}],"author":[{"embeddable":true,"href":"https:\/\/linitiative.ca\/International\/wp-json\/wp\/v2\/users\/1760"}],"replies":[{"embeddable":true,"href":"https:\/\/linitiative.ca\/International\/wp-json\/wp\/v2\/comments?post=139281"}],"version-history":[{"count":0,"href":"https:\/\/linitiative.ca\/International\/wp-json\/wp\/v2\/posts\/139281\/revisions"}],"wp:attachment":[{"href":"https:\/\/linitiative.ca\/International\/wp-json\/wp\/v2\/media?parent=139281"}],"wp:term":[{"taxonomy":"category","embeddable":true,"href":"https:\/\/linitiative.ca\/International\/wp-json\/wp\/v2\/categories?post=139281"},{"taxonomy":"post_tag","embeddable":true,"href":"https:\/\/linitiative.ca\/International\/wp-json\/wp\/v2\/tags?post=139281"}],"curies":[{"name":"wp","href":"https:\/\/api.w.org\/{rel}","templated":true}]}}