{"id":139286,"date":"2022-01-24T05:52:00","date_gmt":"2022-01-24T10:52:00","guid":{"rendered":"https:\/\/linitiative.ca\/International\/previsions-meteorologiques-pour-le-mardi-25-janvier-2022\/"},"modified":"2022-01-24T05:52:00","modified_gmt":"2022-01-24T10:52:00","slug":"previsions-meteorologiques-pour-le-mardi-25-janvier-2022","status":"publish","type":"post","link":"https:\/\/linitiative.ca\/International\/previsions-meteorologiques-pour-le-mardi-25-janvier-2022\/","title":{"rendered":"Pr\u00e9visions m\u00e9t\u00e9orologiques pour le mardi 25 janvier 2022"},"content":{"rendered":"<div>\n<div style=\"margin-bottom:20px;\"><img loading=\"lazy\" decoding=\"async\" width=\"750\" height=\"430\" src=\"https:\/\/linitiative.ca\/International\/wp-content\/uploads\/sites\/23\/2022\/01\/soleil-3-1.jpg\" class=\"attachment-post-thumbnail size-post-thumbnail wp-post-image\" alt=\"\" srcset=\"https:\/\/linitiative.ca\/International\/wp-content\/uploads\/sites\/23\/2022\/01\/soleil-3-1.jpg 750w, https:\/\/www.mapmarrakech.ma\/map\/uploads\/2021\/10\/soleil-3-300x172.jpg 300w\" sizes=\"auto, (max-width: 750px) 100vw, 750px\"><\/div>\n<p>\u2013 Baisse des temp\u00e9ratures avec un temps assez froid \u00e0 froid avec gel\u00e9e locale sur les reliefs, le Sud-Est, l\u2019Oriental et l\u2019int\u00e9rieur du pays.<\/p>\n<p>\u2013 Averses parfois orageuses sur l\u2019Atlas, ses plaines Ouest voisines, Chiadma, Rhamna et l\u2019Oriental.<\/p>\n<p>\u2013 Pluies \u00e9parses sur l\u2019Ouest de la M\u00e9diterran\u00e9e, les versants Sud-Est et le Centre.<\/p>\n<p>\u2013 Chutes de neige sur le Haut Atlas au-del\u00e0 de 1800m.<\/p>\n<p>\u2013 Rafales de vent assez fortes sur le Tang\u00e9rois.<\/p>\n<p>\u2013 Temp\u00e9ratures minimales de l\u2019ordre de -03\/03\u00b0c sur l\u2019Atlas et les hauts plateaux orientaux, 03\/08\u00b0c sur le Rif, le nord de l\u2019Oriental, le Saiss, les plateaux de phosphates et d\u2019Oulmes et le sud-est, 08\/13\u00b0c sur les plaines atlantiques nord et centre, l\u2019extr\u00eame sud-est et le nord-est des provinces sud et de 13\/20\u00b0c sur le Souss et le reste des provinces sud.<\/p>\n<p>\u2013 Temp\u00e9ratures maximales de l\u2019ordre de 08\/12\u00b0c sur les reliefs de l\u2019Atlas, le Rif et les hauts plateaux orientaux, 14\/20\u00b0c sur le sud-est, les plaines nord et centre, le Souss et le nord-ouest des provinces sud, 20\/24\u00b0c sur les provinces sud et de 25\/31\u00b0c sur l\u2019extr\u00eame sud du pays.<\/p>\n<p>\u2013 Mer agit\u00e9e \u00e0 forte sur la M\u00e9diterran\u00e9e et le D\u00e9troit, peu agit\u00e9e entre Mehdia et Tantan et peu agit\u00e9e \u00e0 agit\u00e9e ailleurs.<\/p>\n<p>The post <a rel=\"nofollow\" href=\"https:\/\/www.mapmarrakech.ma\/fr\/previsions-meteorologiques-pour-le-mardi-25-janvier-2022\/\">Pr\u00e9visions m\u00e9t\u00e9orologiques pour le mardi 25 janvier 2022<\/a> appeared first on <a rel=\"nofollow\" href=\"https:\/\/www.mapmarrakech.ma\/fr\">MapMarrakech<\/a>.<\/p>\n<\/div>\n<p>Auteur: Meriem IGASS<br \/>\n<a href=\"https:\/\/www.mapmarrakech.ma\/fr\/previsions-meteorologiques-pour-le-mardi-25-janvier-2022\/\">Cliquez ici pour lire l&rsquo;article depuis sa source.<\/a><\/p>\n","protected":false},"excerpt":{"rendered":"<p>\u2013 Baisse des temp\u00e9ratures avec un temps assez froid \u00e0 froid avec gel\u00e9e locale sur les reliefs, le Sud-Est, l\u2019Oriental et l\u2019int\u00e9rieur du pays. \u2013 Averses parfois orageuses sur l\u2019Atlas, ses plaines Ouest voisines, Chiadma, Rhamna et l\u2019Oriental. \u2013 Pluies \u00e9parses sur l\u2019Ouest de la M\u00e9diterran\u00e9e, les versants Sud-Est et le Centre. \u2013 Chutes de [&hellip;]<\/p>\n","protected":false},"author":1788,"featured_media":0,"comment_status":"closed","ping_status":"closed","sticky":false,"template":"","format":"standard","meta":{"fifu_image_url":"https:\/\/www.mapmarrakech.ma\/map\/uploads\/2021\/10\/soleil-3.jpg","fifu_image_alt":"Pr\u00e9visions m\u00e9t\u00e9orologiques pour le mardi 25 janvier 2022","footnotes":""},"categories":[54,76],"tags":[],"class_list":["post-139286","post","type-post","status-publish","format-standard","hentry","category-maroc","category-regions"],"_links":{"self":[{"href":"https:\/\/linitiative.ca\/International\/wp-json\/wp\/v2\/posts\/139286","targetHints":{"allow":["GET"]}}],"collection":[{"href":"https:\/\/linitiative.ca\/International\/wp-json\/wp\/v2\/posts"}],"about":[{"href":"https:\/\/linitiative.ca\/International\/wp-json\/wp\/v2\/types\/post"}],"author":[{"embeddable":true,"href":"https:\/\/linitiative.ca\/International\/wp-json\/wp\/v2\/users\/1788"}],"replies":[{"embeddable":true,"href":"https:\/\/linitiative.ca\/International\/wp-json\/wp\/v2\/comments?post=139286"}],"version-history":[{"count":0,"href":"https:\/\/linitiative.ca\/International\/wp-json\/wp\/v2\/posts\/139286\/revisions"}],"wp:attachment":[{"href":"https:\/\/linitiative.ca\/International\/wp-json\/wp\/v2\/media?parent=139286"}],"wp:term":[{"taxonomy":"category","embeddable":true,"href":"https:\/\/linitiative.ca\/International\/wp-json\/wp\/v2\/categories?post=139286"},{"taxonomy":"post_tag","embeddable":true,"href":"https:\/\/linitiative.ca\/International\/wp-json\/wp\/v2\/tags?post=139286"}],"curies":[{"name":"wp","href":"https:\/\/api.w.org\/{rel}","templated":true}]}}