{"id":139290,"date":"2022-01-24T11:18:18","date_gmt":"2022-01-24T16:18:18","guid":{"rendered":"https:\/\/linitiative.ca\/International\/le-pic-des-contaminations-atteint-tres-probablement-la-semaine-derniere\/"},"modified":"2022-01-24T11:18:18","modified_gmt":"2022-01-24T16:18:18","slug":"le-pic-des-contaminations-atteint-tres-probablement-la-semaine-derniere","status":"publish","type":"post","link":"https:\/\/linitiative.ca\/International\/le-pic-des-contaminations-atteint-tres-probablement-la-semaine-derniere\/","title":{"rendered":"Le pic des contaminations atteint \u00ab\u00a0tr\u00e8s probablement\u00a0\u00bb la semaine derni\u00e8re"},"content":{"rendered":"<div>\n<div style=\"margin-bottom:20px;\"><img loading=\"lazy\" decoding=\"async\" width=\"750\" height=\"430\" src=\"https:\/\/linitiative.ca\/International\/wp-content\/uploads\/sites\/23\/2022\/01\/Le-coordinateur-du-Centre-national-dopC3A9rations-durgence-en-SantC3A9-publique-au-ministC3A8re-de-la-santC3A9-Mouad-El-merabet-750C397430-1.jpg\" class=\"attachment-post-thumbnail size-post-thumbnail wp-post-image\" alt=\"\" srcset=\"https:\/\/linitiative.ca\/International\/wp-content\/uploads\/sites\/23\/2022\/01\/Le-coordinateur-du-Centre-national-dopC3A9rations-durgence-en-SantC3A9-publique-au-ministC3A8re-de-la-santC3A9-Mouad-El-merabet-750C397430-1.jpg 750w, https:\/\/www.mapoujda.ma\/map\/uploads\/2021\/10\/Le-coordinateur-du-Centre-national-dop\u00e9rations-durgence-en-Sant\u00e9-publique-au-minist\u00e8re-de-la-sant\u00e9-Mouad-El-merabet-750\u00d7430-300x172.jpg 300w\" sizes=\"auto, (max-width: 750px) 100vw, 750px\"><\/div>\n<div>\n<p style=\"text-align: justify;\">Le pic des contaminations a \u00e9t\u00e9 \u00ab\u00a0tr\u00e8s probablement\u00a0\u00bb\u00a0atteint la semaine du 17 au 23 janvier, a estim\u00e9, lundi, le coordonnateur du Centre national des op\u00e9rations d\u2019urgence de sant\u00e9 publique au minist\u00e8re de la Sant\u00e9 et de la Protection sociale, M. Mouad Merabet.<\/p>\n<p style=\"text-align: justify;\">\u00ab\u00a0Le pic des contaminations \u00e0 priori atteint sauf surprise; Omicron est moins grave mais pas non grave\u00a0\u00bb, a soulign\u00e9 M. Merabet\u00a0sur son compte LinkedIn dans un\u00a0bref commentaire sur la situation \u00e9pid\u00e9miologique de l\u2019infection au SARS-CoV-2 \u00e0 la date du 23 janvier 2022.<\/p>\n<p style=\"text-align: justify;\">Il a, par ailleurs, averti que\u00a0ce pic sera suivi d\u2019une augmentation de la Covidose grave et des d\u00e9c\u00e8s malheureusement : \u00ab\u00a0au moins deux semaines difficiles nous attendent en termes de cas s\u00e9v\u00e8res, critiques et de mortalit\u00e9\u00a0\u00bb, a-t-il dit.<\/p>\n<p style=\"text-align: justify;\">Le taux de positivit\u00e9 (niveau national) stagne pour la deuxi\u00e8me semaine cons\u00e9cutive \u00e0 24,4%, une diminution ayant \u00e9t\u00e9 observ\u00e9e dans les r\u00e9gions de Casablanca-Settat, Marrakech-Safi et Souss-Massa, a-t-il relev\u00e9.<\/p>\n<p style=\"text-align: justify;\">Le taux de reproduction du SARS-CoV-2 est de 0,98,\u00a0a-t-il fait noter, pr\u00e9cisant que cet\u00a0indicateur \u00e9tait sup\u00e9rieur \u00e0 1 depuis le 21 novembre 2021, soit 62 jours, alors que les\u00a0nouveaux cas n\u2019ont augment\u00e9 que de 7%.<\/p>\n<p style=\"text-align: justify;\">Ainsi, le niveau de transmission du SARS-CoV-2 est \u00e9lev\u00e9 sur l\u2019ensemble du territoire national et toutes les r\u00e9gions sont au \u00ab\u00a0niveau rouge\u00a0\u00bb,\u00a0selon M. Merabet, qui a relev\u00e9 que la r\u00e9gion de Casablanca-Settat passe cette semaine du niveau tr\u00e8s \u00e9lev\u00e9 au niveau \u00e9lev\u00e9 (la phase descendante a d\u00e9j\u00e0 commenc\u00e9 dans la r\u00e9gion).<\/p>\n<p style=\"text-align: justify;\">Le risque d\u2019attraper la maladie est \u00e9lev\u00e9, a-t-il mis en garde, appelant tout un chacun \u00e0 faire attention et \u00e0 porter le masque en continu, \u00e0 veiller \u00e0 l\u2019hygi\u00e8ne des mains, \u00e0 \u00e9viter les rassemblements et \u00e0 respecter la distance de s\u00e9curit\u00e9 avec les autres.<\/p>\n<p style=\"text-align: justify;\">Pour M. Merabet, les donn\u00e9es nationales de veille et de surveillance du Covid-19 concordent avec les donn\u00e9es internationales. \u00ab\u00a0Omicron est moins grave que Delta, mais aucun\u00a0n\u2019a dit qu\u2019Omicron est de gravit\u00e9 nulle : attention, la vague actuelle est malheureusement\u00a0sous\u00a0estim\u00e9e !\u00a0\u00bb, a-t-il insist\u00e9.<\/p>\n<p style=\"text-align: justify;\">S\u2019agissant des chiffres enregistr\u00e9s \u00e0 la date du 23 janvier 2022, le responsable a indiqu\u00e9 que\u00a0le nombre de la Covidose grave a augment\u00e9\u00a0cette semaine\u00a0de 36,2% et les d\u00e9c\u00e8s ont \u00e9t\u00e9 multipli\u00e9s par 2,4, alors que\u00a0730 nouvelles admissions en r\u00e9animation et soins intensifs ont \u00e9t\u00e9 signal\u00e9es et 464 malades ont quitt\u00e9 lesdits services apr\u00e8s l\u2019am\u00e9lioration de leur \u00e9tat de sant\u00e9.<\/p>\n<p style=\"text-align: justify;\">M. Merabet a aussi fait observer que des erreurs mortelles ont conduit des malades \u00e0 la r\u00e9animation, dont certains sont d\u00e9c\u00e9d\u00e9s, notamment la prise de cortico\u00efdes \u00e0 la phase pr\u00e9coce de la maladie, la pratique de sport, le manque d\u2019hydratation: Ne pas boire assez d\u2019eau, le fait de ne pas respecter le protocole th\u00e9rapeutique et l\u2019autom\u00e9dication.<\/p>\n<p style=\"text-align: justify;\">Il a, par ailleurs, soulign\u00e9 qu\u2019un \u00ab\u00a0tr\u00e8s grand probl\u00e8me nous attend apr\u00e8s COVID-19 : la r\u00e9sistance aux antibiotiques, une consommation excessive irrationnelle, souvent non indiqu\u00e9e\u00a0\u00bb.<\/p>\n<p style=\"text-align: justify;\">Le responsable a rappel\u00e9, dans ce cadre, les trois r\u00e8gles pour sortir de la vague avec les moindres d\u00e9g\u00e2ts : les mesures pr\u00e9ventives individuelles, la vaccination (notamment la dose booster) et le respect du protocole th\u00e9rapeutique national.<\/p>\n<\/div>\n<p>L\u2019article <a rel=\"nofollow\" href=\"https:\/\/www.mapoujda.ma\/fr\/le-pic-des-contaminations-atteint-tres-probablement-la-semaine-derniere\/\">Le pic des contaminations atteint \u00ab\u00a0tr\u00e8s probablement\u00a0\u00bb la semaine derni\u00e8re<\/a> est apparu en premier sur <a rel=\"nofollow\" href=\"https:\/\/www.mapoujda.ma\/fr\">MapOujda<\/a>.<\/p>\n<\/div>\n<p>Auteur: Soufiane ELAHMAR<br \/>\n<a href=\"https:\/\/www.mapoujda.ma\/fr\/le-pic-des-contaminations-atteint-tres-probablement-la-semaine-derniere\/\">Cliquez ici pour lire l&rsquo;article depuis sa source.<\/a><\/p>\n","protected":false},"excerpt":{"rendered":"<p>Le pic des contaminations a \u00e9t\u00e9 \u00ab\u00a0tr\u00e8s probablement\u00a0\u00bb\u00a0atteint la semaine du 17 au 23 janvier, a estim\u00e9, lundi, le coordonnateur du Centre national des op\u00e9rations d\u2019urgence de sant\u00e9 publique au minist\u00e8re de la Sant\u00e9 et de la Protection sociale, M. Mouad Merabet. \u00ab\u00a0Le pic des contaminations \u00e0 priori atteint sauf surprise; Omicron est moins grave [&hellip;]<\/p>\n","protected":false},"author":1788,"featured_media":0,"comment_status":"closed","ping_status":"closed","sticky":false,"template":"","format":"standard","meta":{"fifu_image_url":"https:\/\/www.mapoujda.ma\/map\/uploads\/2021\/10\/Le-coordinateur-du-Centre-national-dop\u00e9rations-durgence-en-Sant\u00e9-publique-au-minist\u00e8re-de-la-sant\u00e9-Mouad-El-merabet-750\u00d7430.jpg","fifu_image_alt":"Le pic des contaminations atteint \u00ab\u00a0tr\u00e8s probablement\u00a0\u00bb la semaine derni\u00e8re","footnotes":""},"categories":[54,76],"tags":[],"class_list":["post-139290","post","type-post","status-publish","format-standard","hentry","category-maroc","category-regions"],"_links":{"self":[{"href":"https:\/\/linitiative.ca\/International\/wp-json\/wp\/v2\/posts\/139290","targetHints":{"allow":["GET"]}}],"collection":[{"href":"https:\/\/linitiative.ca\/International\/wp-json\/wp\/v2\/posts"}],"about":[{"href":"https:\/\/linitiative.ca\/International\/wp-json\/wp\/v2\/types\/post"}],"author":[{"embeddable":true,"href":"https:\/\/linitiative.ca\/International\/wp-json\/wp\/v2\/users\/1788"}],"replies":[{"embeddable":true,"href":"https:\/\/linitiative.ca\/International\/wp-json\/wp\/v2\/comments?post=139290"}],"version-history":[{"count":0,"href":"https:\/\/linitiative.ca\/International\/wp-json\/wp\/v2\/posts\/139290\/revisions"}],"wp:attachment":[{"href":"https:\/\/linitiative.ca\/International\/wp-json\/wp\/v2\/media?parent=139290"}],"wp:term":[{"taxonomy":"category","embeddable":true,"href":"https:\/\/linitiative.ca\/International\/wp-json\/wp\/v2\/categories?post=139290"},{"taxonomy":"post_tag","embeddable":true,"href":"https:\/\/linitiative.ca\/International\/wp-json\/wp\/v2\/tags?post=139290"}],"curies":[{"name":"wp","href":"https:\/\/api.w.org\/{rel}","templated":true}]}}