{"id":139292,"date":"2022-01-24T11:17:08","date_gmt":"2022-01-24T16:17:08","guid":{"rendered":"https:\/\/linitiative.ca\/International\/wafa-assurance-abdelwahab-nougaoui-nomme-pour-conduire-les-projets-de-reassurance\/"},"modified":"2022-01-24T11:17:08","modified_gmt":"2022-01-24T16:17:08","slug":"wafa-assurance-abdelwahab-nougaoui-nomme-pour-conduire-les-projets-de-reassurance","status":"publish","type":"post","link":"https:\/\/linitiative.ca\/International\/wafa-assurance-abdelwahab-nougaoui-nomme-pour-conduire-les-projets-de-reassurance\/","title":{"rendered":"Wafa Assurance: Abdelwahab Nougaoui nomm\u00e9 pour conduire les projets de r\u00e9assurance"},"content":{"rendered":"<div>\n<div class=\"field field-name-body field-type-text-with-summary field-label-hidden\">\n<div class=\"field-items\">\n<div class=\"field-item even\" property=\"content:encoded\">\n<p class=\"rtejustify\">Abdelwahab Nougaoui rejoint le Groupe Wafa Assurance en tant que Conseiller du PDG. Cet ing\u00e9nieur de formation, laur\u00e9at de\u00a0l\u2019Ecole Centrale de Lyon et de l\u2019IAE de Lille, a pour mission de conduire les projets de l&rsquo;assureur dans la r\u00e9assurance. Sa nouvelle mission consiste au lancement d\u2019une activit\u00e9 de r\u00e9assurance et au d\u00e9veloppement des capacit\u00e9s de placement des grands risques sur les march\u00e9s internationaux de la r\u00e9assurance. Le p\u00e9rim\u00e8tre de ses missions inclut la totalit\u00e9 du Groupe Wafa Assurance pr\u00e9sent, \u00e0 date, dans 6 pays \u00e0 travers 10 compagnies d\u2019assurance.<\/p>\n<\/div>\n<\/div>\n<\/div>\n<\/div>\n<p>Auteur: hgueye<br \/>\n<a href=\"https:\/\/www.leconomiste.com\/flash-infos\/wafa-assurance-abdelwahab-nougaoui-nomme-pour-conduire-les-projets-de-reassurance\">Cliquez ici pour lire l&rsquo;article depuis sa source.<\/a><\/p>\n","protected":false},"excerpt":{"rendered":"<p>Abdelwahab Nougaoui rejoint le Groupe Wafa Assurance en tant que Conseiller du PDG. Cet ing\u00e9nieur de formation, laur\u00e9at de\u00a0l\u2019Ecole Centrale de Lyon et de l\u2019IAE de Lille, a pour mission de conduire les projets de l&rsquo;assureur dans la r\u00e9assurance. Sa nouvelle mission consiste au lancement d\u2019une activit\u00e9 de r\u00e9assurance et au d\u00e9veloppement des capacit\u00e9s de [&hellip;]<\/p>\n","protected":false},"author":1763,"featured_media":0,"comment_status":"closed","ping_status":"closed","sticky":false,"template":"","format":"standard","meta":{"fifu_image_url":"","fifu_image_alt":"","footnotes":""},"categories":[78,54],"tags":[],"class_list":["post-139292","post","type-post","status-publish","format-standard","hentry","category-economie","category-maroc"],"_links":{"self":[{"href":"https:\/\/linitiative.ca\/International\/wp-json\/wp\/v2\/posts\/139292","targetHints":{"allow":["GET"]}}],"collection":[{"href":"https:\/\/linitiative.ca\/International\/wp-json\/wp\/v2\/posts"}],"about":[{"href":"https:\/\/linitiative.ca\/International\/wp-json\/wp\/v2\/types\/post"}],"author":[{"embeddable":true,"href":"https:\/\/linitiative.ca\/International\/wp-json\/wp\/v2\/users\/1763"}],"replies":[{"embeddable":true,"href":"https:\/\/linitiative.ca\/International\/wp-json\/wp\/v2\/comments?post=139292"}],"version-history":[{"count":0,"href":"https:\/\/linitiative.ca\/International\/wp-json\/wp\/v2\/posts\/139292\/revisions"}],"wp:attachment":[{"href":"https:\/\/linitiative.ca\/International\/wp-json\/wp\/v2\/media?parent=139292"}],"wp:term":[{"taxonomy":"category","embeddable":true,"href":"https:\/\/linitiative.ca\/International\/wp-json\/wp\/v2\/categories?post=139292"},{"taxonomy":"post_tag","embeddable":true,"href":"https:\/\/linitiative.ca\/International\/wp-json\/wp\/v2\/tags?post=139292"}],"curies":[{"name":"wp","href":"https:\/\/api.w.org\/{rel}","templated":true}]}}