{"id":139298,"date":"2022-01-24T02:51:00","date_gmt":"2022-01-24T07:51:00","guid":{"rendered":"https:\/\/linitiative.ca\/International\/ali-baklouti-fondateur-de-la-gazette-du-sud-est-decede\/"},"modified":"2022-01-24T02:51:00","modified_gmt":"2022-01-24T07:51:00","slug":"ali-baklouti-fondateur-de-la-gazette-du-sud-est-decede","status":"publish","type":"post","link":"https:\/\/linitiative.ca\/International\/ali-baklouti-fondateur-de-la-gazette-du-sud-est-decede\/","title":{"rendered":"Ali Baklouti, fondateur de La Gazette du Sud, est d\u00e9c\u00e9d\u00e9"},"content":{"rendered":"<div><img decoding=\"async\" src=\"https:\/\/linitiative.ca\/International\/wp-content\/uploads\/sites\/23\/2022\/01\/1643007676_article.jpg\" alt=\"Ali Baklouti, fondateur de La Gazette du Sud, est d\u00e9c\u00e9d\u00e9\" align=\"left\">Illustre journaliste, pionnier de la presse r\u00e9gionale, Ali Baklouti est d\u00e9c\u00e9d\u00e9 dans la nuit du dimanche \u00e0 lundi, \u00e0 Sfax. Fondateur de la revue mensuelle La Gazette du Sud, dont le premier num\u00e9ro \u00e9tait paru, il y a 46 ans, le 1er janvier 1975, puis du mensuel en langue arabe Chems Al-Janoub, il a largement contribu\u00e9 \u00e0 la promotion d\u2019une presse r\u00e9gionale ind\u00e9pendante et de qualit\u00e9, couvrant l\u2019actualit\u00e9 du sud tunisien.<br \/>\nEnseignant de profession, parfaitement bilingue, Ali Baklouti \u00e9tait depuis son jeune \u00e2ge f\u00e9ru de journalisme. De sa plume raffin\u00e9, il multipliera articles et interviews qu\u2019il publiera dans divers journaux avant qu\u2019il ne soit choisi par le quotidien &#8230;<\/p>\n<\/div>\n<p>Auteur:<br \/>\n<a href=\"https:\/\/www.leaders.com.tn\/article\/32895-ali-baklouti-fondateur-de-la-gazette-du-sud-est-decede\">Cliquez ici pour lire l&rsquo;article depuis sa source.<\/a><\/p>\n","protected":false},"excerpt":{"rendered":"<p>Illustre journaliste, pionnier de la presse r\u00e9gionale, Ali Baklouti est d\u00e9c\u00e9d\u00e9 dans la nuit du dimanche \u00e0 lundi, \u00e0 Sfax. Fondateur de la revue mensuelle La Gazette du Sud, dont le premier num\u00e9ro \u00e9tait paru, il y a 46 ans, le 1er janvier 1975, puis du mensuel en langue arabe Chems Al-Janoub, il a largement [&hellip;]<\/p>\n","protected":false},"author":1772,"featured_media":0,"comment_status":"closed","ping_status":"closed","sticky":false,"template":"","format":"standard","meta":{"fifu_image_url":"http:\/\/www.leaders.com.tn\/uploads\/content\/thumbnails_small\/1643007676_article.jpg","fifu_image_alt":"Ali Baklouti, fondateur de La Gazette du Sud, est d\u00e9c\u00e9d\u00e9","footnotes":""},"categories":[73,55],"tags":[],"class_list":["post-139298","post","type-post","status-publish","format-standard","hentry","category-actualite","category-tunisie"],"_links":{"self":[{"href":"https:\/\/linitiative.ca\/International\/wp-json\/wp\/v2\/posts\/139298","targetHints":{"allow":["GET"]}}],"collection":[{"href":"https:\/\/linitiative.ca\/International\/wp-json\/wp\/v2\/posts"}],"about":[{"href":"https:\/\/linitiative.ca\/International\/wp-json\/wp\/v2\/types\/post"}],"author":[{"embeddable":true,"href":"https:\/\/linitiative.ca\/International\/wp-json\/wp\/v2\/users\/1772"}],"replies":[{"embeddable":true,"href":"https:\/\/linitiative.ca\/International\/wp-json\/wp\/v2\/comments?post=139298"}],"version-history":[{"count":0,"href":"https:\/\/linitiative.ca\/International\/wp-json\/wp\/v2\/posts\/139298\/revisions"}],"wp:attachment":[{"href":"https:\/\/linitiative.ca\/International\/wp-json\/wp\/v2\/media?parent=139298"}],"wp:term":[{"taxonomy":"category","embeddable":true,"href":"https:\/\/linitiative.ca\/International\/wp-json\/wp\/v2\/categories?post=139298"},{"taxonomy":"post_tag","embeddable":true,"href":"https:\/\/linitiative.ca\/International\/wp-json\/wp\/v2\/tags?post=139298"}],"curies":[{"name":"wp","href":"https:\/\/api.w.org\/{rel}","templated":true}]}}