{"id":139300,"date":"2022-01-24T04:30:00","date_gmt":"2022-01-24T09:30:00","guid":{"rendered":"https:\/\/linitiative.ca\/International\/ammar-mahjoubi-le-caractere-fondamentalement-inegalitaire-de-la-societe-romaine\/"},"modified":"2022-01-24T04:30:00","modified_gmt":"2022-01-24T09:30:00","slug":"ammar-mahjoubi-le-caractere-fondamentalement-inegalitaire-de-la-societe-romaine","status":"publish","type":"post","link":"https:\/\/linitiative.ca\/International\/ammar-mahjoubi-le-caractere-fondamentalement-inegalitaire-de-la-societe-romaine\/","title":{"rendered":"Ammar Mahjoubi: Le caract\u00e8re fondamentalement in\u00e9galitaire de la soci\u00e9t\u00e9 romaine*"},"content":{"rendered":"<div><img decoding=\"async\" src=\"https:\/\/linitiative.ca\/International\/wp-content\/uploads\/sites\/23\/2022\/01\/1643010712_article.jpg\" alt=\"Ammar Mahjoubi: Le caract\u00e8re fondamentalement in\u00e9galitaire de la soci\u00e9t\u00e9 romaine*\" align=\"left\">La soci\u00e9t\u00e9 romaine \u00e9tait constitu\u00e9e d\u2019un ensemble de groupes sociaux distincts, s\u00e9par\u00e9s par une ligne de d\u00e9marcation \u00e0 dominante juridique, \u00e9conomique ou sociale. Chaque individu, dans la cit\u00e9 comme dans l\u2019Empire, appartenait \u00e0 un groupe dont les droits et les devoirs, dans la hi\u00e9rarchie sociale, \u00e9taient strictement codifi\u00e9s. De m\u00eame, chaque groupe situait ses membres selon une hi\u00e9rarchie qui tenait compte de la naissance, de la fonction et de la richesse. Pline le Jeune (Epistulae, IX, 5), \u00e0 l\u2019instar des \u00e9lites politiques et intellectuelles, d\u00e9fend et justifie ce caract\u00e8re in\u00e9galitaire, dans ces conseils \u00e0 un proconsul, parmi ses amis: \u00abEn obligeant les plus &#8230;<\/p>\n<\/div>\n<p>Auteur:<br \/>\n<a href=\"https:\/\/www.leaders.com.tn\/article\/32896-ammar-mahjoubi-le-caractere-fondamentalement-inegalitaire-de-la-societe-romaine\">Cliquez ici pour lire l&rsquo;article depuis sa source.<\/a><\/p>\n","protected":false},"excerpt":{"rendered":"<p>La soci\u00e9t\u00e9 romaine \u00e9tait constitu\u00e9e d\u2019un ensemble de groupes sociaux distincts, s\u00e9par\u00e9s par une ligne de d\u00e9marcation \u00e0 dominante juridique, \u00e9conomique ou sociale. Chaque individu, dans la cit\u00e9 comme dans l\u2019Empire, appartenait \u00e0 un groupe dont les droits et les devoirs, dans la hi\u00e9rarchie sociale, \u00e9taient strictement codifi\u00e9s. De m\u00eame, chaque groupe situait ses membres [&hellip;]<\/p>\n","protected":false},"author":1772,"featured_media":0,"comment_status":"closed","ping_status":"closed","sticky":false,"template":"","format":"standard","meta":{"fifu_image_url":"http:\/\/www.leaders.com.tn\/uploads\/content\/thumbnails_small\/1643010712_article.jpg","fifu_image_alt":"Ammar Mahjoubi: Le caract\u00e8re fondamentalement in\u00e9galitaire de la soci\u00e9t\u00e9 romaine*","footnotes":""},"categories":[73,55],"tags":[],"class_list":["post-139300","post","type-post","status-publish","format-standard","hentry","category-actualite","category-tunisie"],"_links":{"self":[{"href":"https:\/\/linitiative.ca\/International\/wp-json\/wp\/v2\/posts\/139300","targetHints":{"allow":["GET"]}}],"collection":[{"href":"https:\/\/linitiative.ca\/International\/wp-json\/wp\/v2\/posts"}],"about":[{"href":"https:\/\/linitiative.ca\/International\/wp-json\/wp\/v2\/types\/post"}],"author":[{"embeddable":true,"href":"https:\/\/linitiative.ca\/International\/wp-json\/wp\/v2\/users\/1772"}],"replies":[{"embeddable":true,"href":"https:\/\/linitiative.ca\/International\/wp-json\/wp\/v2\/comments?post=139300"}],"version-history":[{"count":0,"href":"https:\/\/linitiative.ca\/International\/wp-json\/wp\/v2\/posts\/139300\/revisions"}],"wp:attachment":[{"href":"https:\/\/linitiative.ca\/International\/wp-json\/wp\/v2\/media?parent=139300"}],"wp:term":[{"taxonomy":"category","embeddable":true,"href":"https:\/\/linitiative.ca\/International\/wp-json\/wp\/v2\/categories?post=139300"},{"taxonomy":"post_tag","embeddable":true,"href":"https:\/\/linitiative.ca\/International\/wp-json\/wp\/v2\/tags?post=139300"}],"curies":[{"name":"wp","href":"https:\/\/api.w.org\/{rel}","templated":true}]}}