{"id":139302,"date":"2022-01-24T05:01:00","date_gmt":"2022-01-24T10:01:00","guid":{"rendered":"https:\/\/linitiative.ca\/International\/abdelkader-maalej-hommage-a-ali-baklouti-le-fondateur-de-la-gazette-du-sud-et-chams-el-janoub\/"},"modified":"2022-01-24T05:01:00","modified_gmt":"2022-01-24T10:01:00","slug":"abdelkader-maalej-hommage-a-ali-baklouti-le-fondateur-de-la-gazette-du-sud-et-chams-el-janoub","status":"publish","type":"post","link":"https:\/\/linitiative.ca\/International\/abdelkader-maalej-hommage-a-ali-baklouti-le-fondateur-de-la-gazette-du-sud-et-chams-el-janoub\/","title":{"rendered":"Abdelkader Maalej: Hommage  \u00e0 Ali Baklouti, le fondateur de La Gazette du sud et Chams el janoub"},"content":{"rendered":"<div><img decoding=\"async\" src=\"https:\/\/linitiative.ca\/International\/wp-content\/uploads\/sites\/23\/2022\/01\/1643019199_article.jpg\" alt=\"Abdelkader Maalej: Hommage  \u00e0 Ali Baklouti, le fondateur de La Gazette du sud et Chams el janoub \" align=\"left\">Par Abdelkader Maalej &#8211; Depuis le premier janvier dernier je ne re\u00e7ois plus les deux magazines les plus chers \u00e0 mon c\u0153ur La Gazette du sud et sa cons\u0153ur Chamseljanoub que je n\u2019ai jamais cess\u00e9 de recevoir depuis leur fondation. La raison de cette absence \u00e9tait malheureusement la maladie du fondateur des deux titres notre grand ami Ali qui risquait de perdurer longtemps si ce n\u2019est pas nous quitter. Et voil\u00e0 que ce soup\u00e7on a fini malheureusement de devenir une r\u00e9alit\u00e9 puisque Si Ali a rendu son \u00e2me \u00e0 Dieu la nuit du dimanche 23 janvier 2022.<br \/>\nAncien instituteur \u00e0 Gafour au nord du pays puis ex correspondant des deux journaux Al\u00e2mal et l\u2019Action (tous deux porte-parole du &#8230;<\/p>\n<\/div>\n<p>Auteur:<br \/>\n<a href=\"https:\/\/www.leaders.com.tn\/article\/32897-abdelkader-maalej-hommage-a-ali-baklouti-le-fondateur-de-la-gazette-du-sud-et-chams-el-janoub\">Cliquez ici pour lire l&rsquo;article depuis sa source.<\/a><\/p>\n","protected":false},"excerpt":{"rendered":"<p>Par Abdelkader Maalej &#8211; Depuis le premier janvier dernier je ne re\u00e7ois plus les deux magazines les plus chers \u00e0 mon c\u0153ur La Gazette du sud et sa cons\u0153ur Chamseljanoub que je n\u2019ai jamais cess\u00e9 de recevoir depuis leur fondation. La raison de cette absence \u00e9tait malheureusement la maladie du fondateur des deux titres notre [&hellip;]<\/p>\n","protected":false},"author":1772,"featured_media":0,"comment_status":"closed","ping_status":"closed","sticky":false,"template":"","format":"standard","meta":{"fifu_image_url":"http:\/\/www.leaders.com.tn\/uploads\/content\/thumbnails_small\/1643019199_article.jpg","fifu_image_alt":"Abdelkader Maalej: Hommage  \u00e0 Ali Baklouti, le fondateur de La Gazette du sud et Chams el janoub","footnotes":""},"categories":[73,55],"tags":[],"class_list":["post-139302","post","type-post","status-publish","format-standard","hentry","category-actualite","category-tunisie"],"_links":{"self":[{"href":"https:\/\/linitiative.ca\/International\/wp-json\/wp\/v2\/posts\/139302","targetHints":{"allow":["GET"]}}],"collection":[{"href":"https:\/\/linitiative.ca\/International\/wp-json\/wp\/v2\/posts"}],"about":[{"href":"https:\/\/linitiative.ca\/International\/wp-json\/wp\/v2\/types\/post"}],"author":[{"embeddable":true,"href":"https:\/\/linitiative.ca\/International\/wp-json\/wp\/v2\/users\/1772"}],"replies":[{"embeddable":true,"href":"https:\/\/linitiative.ca\/International\/wp-json\/wp\/v2\/comments?post=139302"}],"version-history":[{"count":0,"href":"https:\/\/linitiative.ca\/International\/wp-json\/wp\/v2\/posts\/139302\/revisions"}],"wp:attachment":[{"href":"https:\/\/linitiative.ca\/International\/wp-json\/wp\/v2\/media?parent=139302"}],"wp:term":[{"taxonomy":"category","embeddable":true,"href":"https:\/\/linitiative.ca\/International\/wp-json\/wp\/v2\/categories?post=139302"},{"taxonomy":"post_tag","embeddable":true,"href":"https:\/\/linitiative.ca\/International\/wp-json\/wp\/v2\/tags?post=139302"}],"curies":[{"name":"wp","href":"https:\/\/api.w.org\/{rel}","templated":true}]}}