{"id":139304,"date":"2022-01-24T12:19:00","date_gmt":"2022-01-24T17:19:00","guid":{"rendered":"https:\/\/linitiative.ca\/International\/demission-de-nadia-akacha-directrice-du-cabinet-presidentiel\/"},"modified":"2022-01-24T12:19:00","modified_gmt":"2022-01-24T17:19:00","slug":"demission-de-nadia-akacha-directrice-du-cabinet-presidentiel","status":"publish","type":"post","link":"https:\/\/linitiative.ca\/International\/demission-de-nadia-akacha-directrice-du-cabinet-presidentiel\/","title":{"rendered":"D\u00e9mission de Nadia Akacha, Directrice du cabinet pr\u00e9sidentiel"},"content":{"rendered":"<div><img decoding=\"async\" src=\"https:\/\/linitiative.ca\/International\/wp-content\/uploads\/sites\/23\/2022\/01\/1643041178_article.jpg\" alt=\"D\u00e9mission de Nadia Akacha, Directrice du cabinet pr\u00e9sidentiel  \" align=\"left\"><\/p>\n<p>Nadia Akacha, directrice du cabinet pr\u00e9sidentiel a annonc\u00e9 ce lundi sur sa page officielle ce lundi qu&rsquo;elle avait remis ce jour au pr\u00e9sident de la R\u00e9publique sa d\u00e9mission du poste qu&rsquo;elle occupait depuis deux ans. Elle justifie sa d\u00e9cision par la persistance \u00ab\u00a0de divergences essentielles concernant ce service et par cons\u00e9quent elle estime \u00ab\u00a0de son devoir\u00a0\u00bb de se d\u00e9mettre de ses fonctions.<\/p>\n<\/div>\n<p>Auteur:<br \/>\n<a href=\"https:\/\/www.leaders.com.tn\/article\/32898-nadia\">Cliquez ici pour lire l&rsquo;article depuis sa source.<\/a><\/p>\n","protected":false},"excerpt":{"rendered":"<p>Nadia Akacha, directrice du cabinet pr\u00e9sidentiel a annonc\u00e9 ce lundi sur sa page officielle ce lundi qu&rsquo;elle avait remis ce jour au pr\u00e9sident de la R\u00e9publique sa d\u00e9mission du poste qu&rsquo;elle occupait depuis deux ans. Elle justifie sa d\u00e9cision par la persistance \u00ab\u00a0de divergences essentielles concernant ce service et par cons\u00e9quent elle estime \u00ab\u00a0de son [&hellip;]<\/p>\n","protected":false},"author":1772,"featured_media":0,"comment_status":"closed","ping_status":"closed","sticky":false,"template":"","format":"standard","meta":{"fifu_image_url":"http:\/\/www.leaders.com.tn\/uploads\/content\/thumbnails_small\/1643041178_article.jpg","fifu_image_alt":"D\u00e9mission de Nadia Akacha, Directrice du cabinet pr\u00e9sidentiel","footnotes":""},"categories":[73,55],"tags":[],"class_list":["post-139304","post","type-post","status-publish","format-standard","hentry","category-actualite","category-tunisie"],"_links":{"self":[{"href":"https:\/\/linitiative.ca\/International\/wp-json\/wp\/v2\/posts\/139304","targetHints":{"allow":["GET"]}}],"collection":[{"href":"https:\/\/linitiative.ca\/International\/wp-json\/wp\/v2\/posts"}],"about":[{"href":"https:\/\/linitiative.ca\/International\/wp-json\/wp\/v2\/types\/post"}],"author":[{"embeddable":true,"href":"https:\/\/linitiative.ca\/International\/wp-json\/wp\/v2\/users\/1772"}],"replies":[{"embeddable":true,"href":"https:\/\/linitiative.ca\/International\/wp-json\/wp\/v2\/comments?post=139304"}],"version-history":[{"count":0,"href":"https:\/\/linitiative.ca\/International\/wp-json\/wp\/v2\/posts\/139304\/revisions"}],"wp:attachment":[{"href":"https:\/\/linitiative.ca\/International\/wp-json\/wp\/v2\/media?parent=139304"}],"wp:term":[{"taxonomy":"category","embeddable":true,"href":"https:\/\/linitiative.ca\/International\/wp-json\/wp\/v2\/categories?post=139304"},{"taxonomy":"post_tag","embeddable":true,"href":"https:\/\/linitiative.ca\/International\/wp-json\/wp\/v2\/tags?post=139304"}],"curies":[{"name":"wp","href":"https:\/\/api.w.org\/{rel}","templated":true}]}}