{"id":139307,"date":"2022-01-24T05:00:00","date_gmt":"2022-01-24T10:00:00","guid":{"rendered":"https:\/\/linitiative.ca\/International\/tebboune-entame-aujourdhui-une-visite-de-travail-et-de-fraternite-en-egypte\/"},"modified":"2022-01-24T05:00:00","modified_gmt":"2022-01-24T10:00:00","slug":"tebboune-entame-aujourdhui-une-visite-de-travail-et-de-fraternite-en-egypte","status":"publish","type":"post","link":"https:\/\/linitiative.ca\/International\/tebboune-entame-aujourdhui-une-visite-de-travail-et-de-fraternite-en-egypte\/","title":{"rendered":"Tebboune entame aujourd\u2019hui une visite de travail et de fraternit\u00e9 en \u00e9gypte"},"content":{"rendered":"<div>Le pr\u00e9sident de la R\u00e9publique, chef supr\u00eame des Forces arm\u00e9es, ministre de la D\u00e9fense nationale, Abdelmadjid Tebboune, entame, \u00e0 compter de lundi, une visite de travail et de fraternit\u00e9 de deux jours<\/div>\n<p>Auteur:<br \/>\n<a href=\"https:\/\/www.lesoirdalgerie.com\/actualites\/tebboune-entame-aujourdhui-une-visite-de-travail-et-de-fraternite-en-egypte-74243\">Cliquez ici pour lire l&rsquo;article depuis sa source.<\/a><\/p>\n","protected":false},"excerpt":{"rendered":"<p>Le pr\u00e9sident de la R\u00e9publique, chef supr\u00eame des Forces arm\u00e9es, ministre de la D\u00e9fense nationale, Abdelmadjid Tebboune, entame, \u00e0 compter de lundi, une visite de travail et de fraternit\u00e9 de deux jours Auteur: Cliquez ici pour lire l&rsquo;article depuis sa source.<\/p>\n","protected":false},"author":1741,"featured_media":0,"comment_status":"closed","ping_status":"closed","sticky":false,"template":"","format":"standard","meta":{"fifu_image_url":"","fifu_image_alt":"","footnotes":""},"categories":[73,53],"tags":[],"class_list":["post-139307","post","type-post","status-publish","format-standard","hentry","category-actualite","category-algerie"],"_links":{"self":[{"href":"https:\/\/linitiative.ca\/International\/wp-json\/wp\/v2\/posts\/139307","targetHints":{"allow":["GET"]}}],"collection":[{"href":"https:\/\/linitiative.ca\/International\/wp-json\/wp\/v2\/posts"}],"about":[{"href":"https:\/\/linitiative.ca\/International\/wp-json\/wp\/v2\/types\/post"}],"author":[{"embeddable":true,"href":"https:\/\/linitiative.ca\/International\/wp-json\/wp\/v2\/users\/1741"}],"replies":[{"embeddable":true,"href":"https:\/\/linitiative.ca\/International\/wp-json\/wp\/v2\/comments?post=139307"}],"version-history":[{"count":0,"href":"https:\/\/linitiative.ca\/International\/wp-json\/wp\/v2\/posts\/139307\/revisions"}],"wp:attachment":[{"href":"https:\/\/linitiative.ca\/International\/wp-json\/wp\/v2\/media?parent=139307"}],"wp:term":[{"taxonomy":"category","embeddable":true,"href":"https:\/\/linitiative.ca\/International\/wp-json\/wp\/v2\/categories?post=139307"},{"taxonomy":"post_tag","embeddable":true,"href":"https:\/\/linitiative.ca\/International\/wp-json\/wp\/v2\/tags?post=139307"}],"curies":[{"name":"wp","href":"https:\/\/api.w.org\/{rel}","templated":true}]}}