{"id":139308,"date":"2022-01-24T05:00:00","date_gmt":"2022-01-24T10:00:00","guid":{"rendered":"https:\/\/linitiative.ca\/International\/levee-de-gel-pour-la-realisation-de-deux-nouveaux-instituts-specialises-en-formation-professionnelle\/"},"modified":"2022-01-24T05:00:00","modified_gmt":"2022-01-24T10:00:00","slug":"levee-de-gel-pour-la-realisation-de-deux-nouveaux-instituts-specialises-en-formation-professionnelle","status":"publish","type":"post","link":"https:\/\/linitiative.ca\/International\/levee-de-gel-pour-la-realisation-de-deux-nouveaux-instituts-specialises-en-formation-professionnelle\/","title":{"rendered":"Lev\u00e9e de gel pour la r\u00e9alisation de deux nouveaux instituts sp\u00e9cialis\u00e9s en formation professionnelle"},"content":{"rendered":"<div>Apr\u00e8s pr\u00e8s d\u2019une d\u00e9cennie de gel en raison de la crise \u00e9conomique, deux projets de deux instituts sp\u00e9cialis\u00e9s dans la formation professionnelle, inscrits en 2014 dans le cadre des programmes<\/div>\n<p>Auteur:<br \/>\n<a href=\"https:\/\/www.lesoirdalgerie.com\/regions\/levee-de-gel-pour-la-realisation-de-deux-nouveaux-instituts-specialises-en-formation-professionnelle-74242\">Cliquez ici pour lire l&rsquo;article depuis sa source.<\/a><\/p>\n","protected":false},"excerpt":{"rendered":"<p>Apr\u00e8s pr\u00e8s d\u2019une d\u00e9cennie de gel en raison de la crise \u00e9conomique, deux projets de deux instituts sp\u00e9cialis\u00e9s dans la formation professionnelle, inscrits en 2014 dans le cadre des programmes Auteur: Cliquez ici pour lire l&rsquo;article depuis sa source.<\/p>\n","protected":false},"author":1741,"featured_media":0,"comment_status":"closed","ping_status":"closed","sticky":false,"template":"","format":"standard","meta":{"fifu_image_url":"","fifu_image_alt":"","footnotes":""},"categories":[73,53],"tags":[],"class_list":["post-139308","post","type-post","status-publish","format-standard","hentry","category-actualite","category-algerie"],"_links":{"self":[{"href":"https:\/\/linitiative.ca\/International\/wp-json\/wp\/v2\/posts\/139308","targetHints":{"allow":["GET"]}}],"collection":[{"href":"https:\/\/linitiative.ca\/International\/wp-json\/wp\/v2\/posts"}],"about":[{"href":"https:\/\/linitiative.ca\/International\/wp-json\/wp\/v2\/types\/post"}],"author":[{"embeddable":true,"href":"https:\/\/linitiative.ca\/International\/wp-json\/wp\/v2\/users\/1741"}],"replies":[{"embeddable":true,"href":"https:\/\/linitiative.ca\/International\/wp-json\/wp\/v2\/comments?post=139308"}],"version-history":[{"count":0,"href":"https:\/\/linitiative.ca\/International\/wp-json\/wp\/v2\/posts\/139308\/revisions"}],"wp:attachment":[{"href":"https:\/\/linitiative.ca\/International\/wp-json\/wp\/v2\/media?parent=139308"}],"wp:term":[{"taxonomy":"category","embeddable":true,"href":"https:\/\/linitiative.ca\/International\/wp-json\/wp\/v2\/categories?post=139308"},{"taxonomy":"post_tag","embeddable":true,"href":"https:\/\/linitiative.ca\/International\/wp-json\/wp\/v2\/tags?post=139308"}],"curies":[{"name":"wp","href":"https:\/\/api.w.org\/{rel}","templated":true}]}}