{"id":139309,"date":"2022-01-24T05:00:00","date_gmt":"2022-01-24T10:00:00","guid":{"rendered":"https:\/\/linitiative.ca\/International\/trop-peu-dengouement-pour-la-vaccination\/"},"modified":"2022-01-24T05:00:00","modified_gmt":"2022-01-24T10:00:00","slug":"trop-peu-dengouement-pour-la-vaccination","status":"publish","type":"post","link":"https:\/\/linitiative.ca\/International\/trop-peu-dengouement-pour-la-vaccination\/","title":{"rendered":"Trop peu d\u2019engouement  pour la vaccination"},"content":{"rendered":"<div>A la mi-journ\u00e9e d\u2019hier dimanche, durant laquelle la vaccination contre le coronavirus pour cette quatri\u00e8me vague a \u00e9t\u00e9 lanc\u00e9e, seules cinq personnes de l\u2019\u00e9ducation nationale se sont pr\u00e9sent\u00e9es pour<\/div>\n<p>Auteur:<br \/>\n<a href=\"https:\/\/www.lesoirdalgerie.com\/regions\/trop-peu-dengouement-pour-la-vaccination-74241\">Cliquez ici pour lire l&rsquo;article depuis sa source.<\/a><\/p>\n","protected":false},"excerpt":{"rendered":"<p>A la mi-journ\u00e9e d\u2019hier dimanche, durant laquelle la vaccination contre le coronavirus pour cette quatri\u00e8me vague a \u00e9t\u00e9 lanc\u00e9e, seules cinq personnes de l\u2019\u00e9ducation nationale se sont pr\u00e9sent\u00e9es pour Auteur: Cliquez ici pour lire l&rsquo;article depuis sa source.<\/p>\n","protected":false},"author":1741,"featured_media":0,"comment_status":"closed","ping_status":"closed","sticky":false,"template":"","format":"standard","meta":{"fifu_image_url":"","fifu_image_alt":"","footnotes":""},"categories":[73,53],"tags":[],"class_list":["post-139309","post","type-post","status-publish","format-standard","hentry","category-actualite","category-algerie"],"_links":{"self":[{"href":"https:\/\/linitiative.ca\/International\/wp-json\/wp\/v2\/posts\/139309","targetHints":{"allow":["GET"]}}],"collection":[{"href":"https:\/\/linitiative.ca\/International\/wp-json\/wp\/v2\/posts"}],"about":[{"href":"https:\/\/linitiative.ca\/International\/wp-json\/wp\/v2\/types\/post"}],"author":[{"embeddable":true,"href":"https:\/\/linitiative.ca\/International\/wp-json\/wp\/v2\/users\/1741"}],"replies":[{"embeddable":true,"href":"https:\/\/linitiative.ca\/International\/wp-json\/wp\/v2\/comments?post=139309"}],"version-history":[{"count":0,"href":"https:\/\/linitiative.ca\/International\/wp-json\/wp\/v2\/posts\/139309\/revisions"}],"wp:attachment":[{"href":"https:\/\/linitiative.ca\/International\/wp-json\/wp\/v2\/media?parent=139309"}],"wp:term":[{"taxonomy":"category","embeddable":true,"href":"https:\/\/linitiative.ca\/International\/wp-json\/wp\/v2\/categories?post=139309"},{"taxonomy":"post_tag","embeddable":true,"href":"https:\/\/linitiative.ca\/International\/wp-json\/wp\/v2\/tags?post=139309"}],"curies":[{"name":"wp","href":"https:\/\/api.w.org\/{rel}","templated":true}]}}