{"id":139315,"date":"2022-01-24T11:14:12","date_gmt":"2022-01-24T16:14:12","guid":{"rendered":"https:\/\/linitiative.ca\/International\/le-pain-ou-la-maladie-letendue-du-dilemme-marocain\/"},"modified":"2022-01-24T11:14:12","modified_gmt":"2022-01-24T16:14:12","slug":"le-pain-ou-la-maladie-letendue-du-dilemme-marocain","status":"publish","type":"post","link":"https:\/\/linitiative.ca\/International\/le-pain-ou-la-maladie-letendue-du-dilemme-marocain\/","title":{"rendered":"Le pain ou la maladie: l\u2019\u00e9tendue du dilemme marocain"},"content":{"rendered":"<div><img decoding=\"async\" width=\"1280\" height=\"720\" src=\"https:\/\/linitiative.ca\/International\/wp-content\/uploads\/sites\/23\/2022\/01\/c2fbdd4f-91e0-4629-9af0-900a29b029d9-1.jpeg\" class=\"attachment-post-thumbnail size-post-thumbnail wp-post-image\" alt=\"\" loading=\"lazy\" srcset=\"https:\/\/linitiative.ca\/International\/wp-content\/uploads\/sites\/23\/2022\/01\/c2fbdd4f-91e0-4629-9af0-900a29b029d9-1.jpeg 1280w, https:\/\/www.challenge.ma\/wp-content\/uploads\/2022\/01\/c2fbdd4f-91e0-4629-9af0-900a29b029d9-1-300x169.jpeg 300w, https:\/\/www.challenge.ma\/wp-content\/uploads\/2022\/01\/c2fbdd4f-91e0-4629-9af0-900a29b029d9-1-1024x576.jpeg 1024w, https:\/\/www.challenge.ma\/wp-content\/uploads\/2022\/01\/c2fbdd4f-91e0-4629-9af0-900a29b029d9-1-768x432.jpeg 768w, https:\/\/www.challenge.ma\/wp-content\/uploads\/2022\/01\/c2fbdd4f-91e0-4629-9af0-900a29b029d9-1-360x203.jpeg 360w, https:\/\/www.challenge.ma\/wp-content\/uploads\/2022\/01\/c2fbdd4f-91e0-4629-9af0-900a29b029d9-1-750x422.jpeg 750w\" sizes=\"auto, (max-width: 1280px) 100vw, 1280px\" itemprop=\"image\">Depuis mars 2020, on assiste \u00e0 une s\u00e9rie de mesures de gestion de la pand\u00e9mie du COVID-19. Le \u00a0\u00bb Stop\u2019 and \u00ab\u00a0Go\u00a0\u00bb a prouv\u00e9 son efficacit\u00e9 en ce qui concerne la limitation de la propagation du virus sur une longue p\u00e9riode. Mais est-ce toujours valable ? Avec la crise sanitaire,<\/div>\n<p>Auteur: Azeroual Siham<br \/>\n<a href=\"https:\/\/www.challenge.ma\/le-pain-ou-la-maladie-letendue-du-dilemme-marocain-231267\/\">Cliquez ici pour lire l&rsquo;article depuis sa source.<\/a><\/p>\n","protected":false},"excerpt":{"rendered":"<p>Depuis mars 2020, on assiste \u00e0 une s\u00e9rie de mesures de gestion de la pand\u00e9mie du COVID-19. Le \u00a0\u00bb Stop\u2019 and \u00ab\u00a0Go\u00a0\u00bb a prouv\u00e9 son efficacit\u00e9 en ce qui concerne la limitation de la propagation du virus sur une longue p\u00e9riode. Mais est-ce toujours valable ? Avec la crise sanitaire, Auteur: Azeroual Siham Cliquez ici [&hellip;]<\/p>\n","protected":false},"author":1787,"featured_media":0,"comment_status":"closed","ping_status":"closed","sticky":false,"template":"","format":"standard","meta":{"fifu_image_url":"https:\/\/www.challenge.ma\/wp-content\/uploads\/2022\/01\/c2fbdd4f-91e0-4629-9af0-900a29b029d9-1.jpeg","fifu_image_alt":"Le pain ou la maladie: l\u2019\u00e9tendue du dilemme marocain","footnotes":""},"categories":[78,54],"tags":[],"class_list":["post-139315","post","type-post","status-publish","format-standard","hentry","category-economie","category-maroc"],"_links":{"self":[{"href":"https:\/\/linitiative.ca\/International\/wp-json\/wp\/v2\/posts\/139315","targetHints":{"allow":["GET"]}}],"collection":[{"href":"https:\/\/linitiative.ca\/International\/wp-json\/wp\/v2\/posts"}],"about":[{"href":"https:\/\/linitiative.ca\/International\/wp-json\/wp\/v2\/types\/post"}],"author":[{"embeddable":true,"href":"https:\/\/linitiative.ca\/International\/wp-json\/wp\/v2\/users\/1787"}],"replies":[{"embeddable":true,"href":"https:\/\/linitiative.ca\/International\/wp-json\/wp\/v2\/comments?post=139315"}],"version-history":[{"count":0,"href":"https:\/\/linitiative.ca\/International\/wp-json\/wp\/v2\/posts\/139315\/revisions"}],"wp:attachment":[{"href":"https:\/\/linitiative.ca\/International\/wp-json\/wp\/v2\/media?parent=139315"}],"wp:term":[{"taxonomy":"category","embeddable":true,"href":"https:\/\/linitiative.ca\/International\/wp-json\/wp\/v2\/categories?post=139315"},{"taxonomy":"post_tag","embeddable":true,"href":"https:\/\/linitiative.ca\/International\/wp-json\/wp\/v2\/tags?post=139315"}],"curies":[{"name":"wp","href":"https:\/\/api.w.org\/{rel}","templated":true}]}}