{"id":139317,"date":"2022-01-24T14:10:03","date_gmt":"2022-01-24T19:10:03","guid":{"rendered":"https:\/\/linitiative.ca\/International\/le-maroc-accelere-son-economie-de-la-mer-par-charaf-louhmadi\/"},"modified":"2022-01-24T14:10:03","modified_gmt":"2022-01-24T19:10:03","slug":"le-maroc-accelere-son-economie-de-la-mer-par-charaf-louhmadi","status":"publish","type":"post","link":"https:\/\/linitiative.ca\/International\/le-maroc-accelere-son-economie-de-la-mer-par-charaf-louhmadi\/","title":{"rendered":"Le Maroc acc\u00e9l\u00e8re son \u00e9conomie de la mer [Par Charaf Louhmadi]"},"content":{"rendered":"<div><img decoding=\"async\" width=\"1226\" height=\"728\" src=\"https:\/\/linitiative.ca\/International\/wp-content\/uploads\/sites\/23\/2022\/01\/port-de-Tanger-Med-2.jpg\" class=\"attachment-post-thumbnail size-post-thumbnail wp-post-image\" alt=\"\" loading=\"lazy\" srcset=\"https:\/\/linitiative.ca\/International\/wp-content\/uploads\/sites\/23\/2022\/01\/port-de-Tanger-Med-2.jpg 1226w, https:\/\/www.challenge.ma\/wp-content\/uploads\/2022\/01\/port-de-Tanger-Med-2-300x178.jpg 300w, https:\/\/www.challenge.ma\/wp-content\/uploads\/2022\/01\/port-de-Tanger-Med-2-1024x608.jpg 1024w, https:\/\/www.challenge.ma\/wp-content\/uploads\/2022\/01\/port-de-Tanger-Med-2-768x456.jpg 768w, https:\/\/www.challenge.ma\/wp-content\/uploads\/2022\/01\/port-de-Tanger-Med-2-360x214.jpg 360w, https:\/\/www.challenge.ma\/wp-content\/uploads\/2022\/01\/port-de-Tanger-Med-2-750x445.jpg 750w\" sizes=\"auto, (max-width: 1226px) 100vw, 1226px\" itemprop=\"image\">Le Maroc dispose d\u2019un emplacement g\u00e9ographique strat\u00e9gique. Au carrefour de l\u2019Europe et de l\u2019Afrique, le Royaume s\u2019appuie entre autres sur deux secteurs cl\u00e9s et compl\u00e9mentaires : la mer et l\u2019agriculture. L\u2019\u00e9conomie de la mer y rev\u00eat donc un r\u00f4le central. Cette dualit\u00e9, maritime-agricole, rend le Maroc incontournable dans la r\u00e9gion.<\/div>\n<p>Auteur: challenge<br \/>\n<a href=\"https:\/\/www.challenge.ma\/le-maroc-accelere-son-economie-de-la-mer-par-charaf-louhmadi-231313\/\">Cliquez ici pour lire l&rsquo;article depuis sa source.<\/a><\/p>\n","protected":false},"excerpt":{"rendered":"<p>Le Maroc dispose d\u2019un emplacement g\u00e9ographique strat\u00e9gique. Au carrefour de l\u2019Europe et de l\u2019Afrique, le Royaume s\u2019appuie entre autres sur deux secteurs cl\u00e9s et compl\u00e9mentaires : la mer et l\u2019agriculture. L\u2019\u00e9conomie de la mer y rev\u00eat donc un r\u00f4le central. Cette dualit\u00e9, maritime-agricole, rend le Maroc incontournable dans la r\u00e9gion. Auteur: challenge Cliquez ici pour [&hellip;]<\/p>\n","protected":false},"author":1787,"featured_media":0,"comment_status":"closed","ping_status":"closed","sticky":false,"template":"","format":"standard","meta":{"fifu_image_url":"https:\/\/www.challenge.ma\/wp-content\/uploads\/2022\/01\/port-de-Tanger-Med-2.jpg","fifu_image_alt":"Le Maroc acc\u00e9l\u00e8re son \u00e9conomie de la mer [Par Charaf Louhmadi]","footnotes":""},"categories":[78,54],"tags":[],"class_list":["post-139317","post","type-post","status-publish","format-standard","hentry","category-economie","category-maroc"],"_links":{"self":[{"href":"https:\/\/linitiative.ca\/International\/wp-json\/wp\/v2\/posts\/139317","targetHints":{"allow":["GET"]}}],"collection":[{"href":"https:\/\/linitiative.ca\/International\/wp-json\/wp\/v2\/posts"}],"about":[{"href":"https:\/\/linitiative.ca\/International\/wp-json\/wp\/v2\/types\/post"}],"author":[{"embeddable":true,"href":"https:\/\/linitiative.ca\/International\/wp-json\/wp\/v2\/users\/1787"}],"replies":[{"embeddable":true,"href":"https:\/\/linitiative.ca\/International\/wp-json\/wp\/v2\/comments?post=139317"}],"version-history":[{"count":0,"href":"https:\/\/linitiative.ca\/International\/wp-json\/wp\/v2\/posts\/139317\/revisions"}],"wp:attachment":[{"href":"https:\/\/linitiative.ca\/International\/wp-json\/wp\/v2\/media?parent=139317"}],"wp:term":[{"taxonomy":"category","embeddable":true,"href":"https:\/\/linitiative.ca\/International\/wp-json\/wp\/v2\/categories?post=139317"},{"taxonomy":"post_tag","embeddable":true,"href":"https:\/\/linitiative.ca\/International\/wp-json\/wp\/v2\/tags?post=139317"}],"curies":[{"name":"wp","href":"https:\/\/api.w.org\/{rel}","templated":true}]}}