{"id":139323,"date":"2022-01-24T16:01:52","date_gmt":"2022-01-24T21:01:52","guid":{"rendered":"https:\/\/linitiative.ca\/International\/par-henda-haouala-la-watania-1-pour-quand-la-restructuration\/"},"modified":"2022-01-24T16:01:52","modified_gmt":"2022-01-24T21:01:52","slug":"par-henda-haouala-la-watania-1-pour-quand-la-restructuration","status":"publish","type":"post","link":"https:\/\/linitiative.ca\/International\/par-henda-haouala-la-watania-1-pour-quand-la-restructuration\/","title":{"rendered":"Par Henda Haouala\u00a0: La Watania 1, pour quand la restructuration\u00a0?"},"content":{"rendered":"<div>\n<p>Depuis 2011, la cha\u00eene t\u00e9l\u00e9visuelle nationale El watania 1 a vu d\u00e9filer plus de dix directeurs g\u00e9n\u00e9raux. Les noms se suivent mais la cha\u00eene ne change pas. Pourquoi\u00a0? Depuis 2007, pratiquement le m\u00eame mod\u00e8le audiovisuel cr\u00e9\u00e9 par le pr\u00e9sident d\u00e9chu Ben Ali soumis \u00e0 ses desiderata s\u2019\u00e9tale et est reproduit\u00a0 jusqu\u2019\u00e0 aujourd\u2019hui avec un souffle [\u2026]<\/p>\n<p>L\u2019article <a href=\"https:\/\/www.tunisienumerique.com\/par-henda-haouala-la-watania-1-pour-quand-la-restructuration\/\">Par Henda Haouala\u00a0: La Watania 1, pour quand la restructuration\u00a0?<\/a> est apparu en premier sur <a href=\"https:\/\/www.tunisienumerique.com\/\">Tunisie<\/a>.<\/p>\n<\/div>\n<p>Auteur: Tunisie Num\u00e9rique<br \/>\n<a href=\"https:\/\/www.tunisienumerique.com\/par-henda-haouala-la-watania-1-pour-quand-la-restructuration\/\">Cliquez ici pour lire l&rsquo;article depuis sa source.<\/a><\/p>\n","protected":false},"excerpt":{"rendered":"<p>Depuis 2011, la cha\u00eene t\u00e9l\u00e9visuelle nationale El watania 1 a vu d\u00e9filer plus de dix directeurs g\u00e9n\u00e9raux. Les noms se suivent mais la cha\u00eene ne change pas. Pourquoi\u00a0? Depuis 2007, pratiquement le m\u00eame mod\u00e8le audiovisuel cr\u00e9\u00e9 par le pr\u00e9sident d\u00e9chu Ben Ali soumis \u00e0 ses desiderata s\u2019\u00e9tale et est reproduit\u00a0 jusqu\u2019\u00e0 aujourd\u2019hui avec un souffle [&hellip;]<\/p>\n","protected":false},"author":1789,"featured_media":0,"comment_status":"closed","ping_status":"closed","sticky":false,"template":"","format":"standard","meta":{"fifu_image_url":"","fifu_image_alt":"","footnotes":""},"categories":[73,55],"tags":[],"class_list":["post-139323","post","type-post","status-publish","format-standard","hentry","category-actualite","category-tunisie"],"_links":{"self":[{"href":"https:\/\/linitiative.ca\/International\/wp-json\/wp\/v2\/posts\/139323","targetHints":{"allow":["GET"]}}],"collection":[{"href":"https:\/\/linitiative.ca\/International\/wp-json\/wp\/v2\/posts"}],"about":[{"href":"https:\/\/linitiative.ca\/International\/wp-json\/wp\/v2\/types\/post"}],"author":[{"embeddable":true,"href":"https:\/\/linitiative.ca\/International\/wp-json\/wp\/v2\/users\/1789"}],"replies":[{"embeddable":true,"href":"https:\/\/linitiative.ca\/International\/wp-json\/wp\/v2\/comments?post=139323"}],"version-history":[{"count":0,"href":"https:\/\/linitiative.ca\/International\/wp-json\/wp\/v2\/posts\/139323\/revisions"}],"wp:attachment":[{"href":"https:\/\/linitiative.ca\/International\/wp-json\/wp\/v2\/media?parent=139323"}],"wp:term":[{"taxonomy":"category","embeddable":true,"href":"https:\/\/linitiative.ca\/International\/wp-json\/wp\/v2\/categories?post=139323"},{"taxonomy":"post_tag","embeddable":true,"href":"https:\/\/linitiative.ca\/International\/wp-json\/wp\/v2\/tags?post=139323"}],"curies":[{"name":"wp","href":"https:\/\/api.w.org\/{rel}","templated":true}]}}