{"id":139326,"date":"2022-01-24T13:21:21","date_gmt":"2022-01-24T18:21:21","guid":{"rendered":"https:\/\/linitiative.ca\/International\/coup-de-force-au-burkina-quels-lendemains-pour-notre-pays\/"},"modified":"2022-01-24T13:21:21","modified_gmt":"2022-01-24T18:21:21","slug":"coup-de-force-au-burkina-quels-lendemains-pour-notre-pays","status":"publish","type":"post","link":"https:\/\/linitiative.ca\/International\/coup-de-force-au-burkina-quels-lendemains-pour-notre-pays\/","title":{"rendered":"COUP DE \u00a0FORCE AU BURKINA: Quels lendemains pour notre pays\u00a0?"},"content":{"rendered":"<div>\n<p><img decoding=\"async\" width=\"768\" height=\"512\" src=\"https:\/\/linitiative.ca\/International\/wp-content\/uploads\/sites\/23\/2022\/01\/paul-henri-sandaogo-damiba.jpg\" class=\"attachment- size- wp-post-image\" alt=\"\" loading=\"lazy\" style=\"float:left; margin:0 15px 15px 0;\" srcset=\"https:\/\/linitiative.ca\/International\/wp-content\/uploads\/sites\/23\/2022\/01\/paul-henri-sandaogo-damiba.jpg 768w, https:\/\/lepays.bf\/wp-content\/uploads\/2022\/01\/paul-henri-sandaogo-damiba-300x200.jpg 300w\" sizes=\"auto, (max-width: 768px) 100vw, 768px\">\u00a0 Une mutinerie qui tourne au coup d\u2019Etat. C\u2019est la situation que vit le Burkina Faso au lendemain du mouvement d\u2019humeur du 23 janvier dernier, dans quelques casernes de la capitale et de l\u2019int\u00e9rieur du pays. En effet, d\u00e8s le matin du lundi 24 janvier dernier, plusieurs sources faisaient \u00e9tat de l\u2019arrestation, par les soldats \u2026<\/p>\n<p>L\u2019article <a rel=\"nofollow\" href=\"https:\/\/lepays.bf\/coup-de-force-au-burkina-quels-lendemains-pour-notre-pays\/\">COUP DE \u00a0FORCE AU BURKINA: Quels lendemains pour notre pays\u00a0?<\/a> est apparu en premier sur <a rel=\"nofollow\" href=\"https:\/\/lepays.bf\/\">Editions Le Pays<\/a>.<\/p>\n<\/div>\n<p>Auteur: Editions LEPAYS<br \/>\n<a href=\"https:\/\/lepays.bf\/coup-de-force-au-burkina-quels-lendemains-pour-notre-pays\/\">Cliquez ici pour lire l&rsquo;article depuis sa source.<\/a><\/p>\n","protected":false},"excerpt":{"rendered":"<p>\u00a0 Une mutinerie qui tourne au coup d\u2019Etat. C\u2019est la situation que vit le Burkina Faso au lendemain du mouvement d\u2019humeur du 23 janvier dernier, dans quelques casernes de la capitale et de l\u2019int\u00e9rieur du pays. En effet, d\u00e8s le matin du lundi 24 janvier dernier, plusieurs sources faisaient \u00e9tat de l\u2019arrestation, par les soldats [&hellip;]<\/p>\n","protected":false},"author":1813,"featured_media":0,"comment_status":"closed","ping_status":"closed","sticky":false,"template":"","format":"standard","meta":{"fifu_image_url":"https:\/\/lepays.bf\/wp-content\/uploads\/2022\/01\/paul-henri-sandaogo-damiba.jpg","fifu_image_alt":"COUP DE \u00a0FORCE AU BURKINA: Quels lendemains pour notre pays\u00a0?","footnotes":""},"categories":[73,81],"tags":[],"class_list":["post-139326","post","type-post","status-publish","format-standard","hentry","category-actualite","category-burkina-faso"],"_links":{"self":[{"href":"https:\/\/linitiative.ca\/International\/wp-json\/wp\/v2\/posts\/139326","targetHints":{"allow":["GET"]}}],"collection":[{"href":"https:\/\/linitiative.ca\/International\/wp-json\/wp\/v2\/posts"}],"about":[{"href":"https:\/\/linitiative.ca\/International\/wp-json\/wp\/v2\/types\/post"}],"author":[{"embeddable":true,"href":"https:\/\/linitiative.ca\/International\/wp-json\/wp\/v2\/users\/1813"}],"replies":[{"embeddable":true,"href":"https:\/\/linitiative.ca\/International\/wp-json\/wp\/v2\/comments?post=139326"}],"version-history":[{"count":0,"href":"https:\/\/linitiative.ca\/International\/wp-json\/wp\/v2\/posts\/139326\/revisions"}],"wp:attachment":[{"href":"https:\/\/linitiative.ca\/International\/wp-json\/wp\/v2\/media?parent=139326"}],"wp:term":[{"taxonomy":"category","embeddable":true,"href":"https:\/\/linitiative.ca\/International\/wp-json\/wp\/v2\/categories?post=139326"},{"taxonomy":"post_tag","embeddable":true,"href":"https:\/\/linitiative.ca\/International\/wp-json\/wp\/v2\/tags?post=139326"}],"curies":[{"name":"wp","href":"https:\/\/api.w.org\/{rel}","templated":true}]}}