{"id":139328,"date":"2022-01-24T13:37:09","date_gmt":"2022-01-24T18:37:09","guid":{"rendered":"https:\/\/linitiative.ca\/International\/retour-des-coups-detat-en-afrique-de-louest-faut-il-sen-inquieter\/"},"modified":"2022-01-24T13:37:09","modified_gmt":"2022-01-24T18:37:09","slug":"retour-des-coups-detat-en-afrique-de-louest-faut-il-sen-inquieter","status":"publish","type":"post","link":"https:\/\/linitiative.ca\/International\/retour-des-coups-detat-en-afrique-de-louest-faut-il-sen-inquieter\/","title":{"rendered":"RETOUR DES COUPS D\u2019ETAT EN AFRIQUE DE L\u2019OUEST: Faut-il s\u2019en inqui\u00e9ter\u00a0?"},"content":{"rendered":"<div>\n<p><img decoding=\"async\" width=\"300\" height=\"168\" src=\"https:\/\/linitiative.ca\/International\/wp-content\/uploads\/sites\/23\/2022\/01\/1-5.jpg\" class=\"attachment- size- wp-post-image\" alt=\"\" loading=\"lazy\" style=\"float:left; margin:0 15px 15px 0;\">\u00a0 Les effets de la d\u00e9gradation de la situation s\u00e9curitaire au Burkina, ont conduit \u00e0 un nouveau coup d\u2019Etat. Est-ce la solution\u00a0? Le d\u00e9bat reste ouvert. Toujours est-il que ce coup de force intervient apr\u00e8s celui du Mali en ao\u00fbt 2018 et celui de la Guin\u00e9e en septembre 2021. Apr\u00e8s le coup d\u2019Etat du capitaine \u2026<\/p>\n<p>L\u2019article <a rel=\"nofollow\" href=\"https:\/\/lepays.bf\/retour-des-coups-detat-en-afrique-de-louest-faut-il-sen-inquieter\/\">RETOUR DES COUPS D\u2019ETAT EN AFRIQUE DE L\u2019OUEST: Faut-il s\u2019en inqui\u00e9ter\u00a0?<\/a> est apparu en premier sur <a rel=\"nofollow\" href=\"https:\/\/lepays.bf\/\">Editions Le Pays<\/a>.<\/p>\n<\/div>\n<p>Auteur: Editions LEPAYS<br \/>\n<a href=\"https:\/\/lepays.bf\/retour-des-coups-detat-en-afrique-de-louest-faut-il-sen-inquieter\/\">Cliquez ici pour lire l&rsquo;article depuis sa source.<\/a><\/p>\n","protected":false},"excerpt":{"rendered":"<p>\u00a0 Les effets de la d\u00e9gradation de la situation s\u00e9curitaire au Burkina, ont conduit \u00e0 un nouveau coup d\u2019Etat. Est-ce la solution\u00a0? Le d\u00e9bat reste ouvert. Toujours est-il que ce coup de force intervient apr\u00e8s celui du Mali en ao\u00fbt 2018 et celui de la Guin\u00e9e en septembre 2021. Apr\u00e8s le coup d\u2019Etat du capitaine [&hellip;]<\/p>\n","protected":false},"author":1813,"featured_media":0,"comment_status":"closed","ping_status":"closed","sticky":false,"template":"","format":"standard","meta":{"fifu_image_url":"https:\/\/lepays.bf\/wp-content\/uploads\/2022\/01\/1-5.jpg","fifu_image_alt":"RETOUR DES COUPS D\u2019ETAT EN AFRIQUE DE L\u2019OUEST: Faut-il s\u2019en inqui\u00e9ter\u00a0?","footnotes":""},"categories":[73,81],"tags":[],"class_list":["post-139328","post","type-post","status-publish","format-standard","hentry","category-actualite","category-burkina-faso"],"_links":{"self":[{"href":"https:\/\/linitiative.ca\/International\/wp-json\/wp\/v2\/posts\/139328","targetHints":{"allow":["GET"]}}],"collection":[{"href":"https:\/\/linitiative.ca\/International\/wp-json\/wp\/v2\/posts"}],"about":[{"href":"https:\/\/linitiative.ca\/International\/wp-json\/wp\/v2\/types\/post"}],"author":[{"embeddable":true,"href":"https:\/\/linitiative.ca\/International\/wp-json\/wp\/v2\/users\/1813"}],"replies":[{"embeddable":true,"href":"https:\/\/linitiative.ca\/International\/wp-json\/wp\/v2\/comments?post=139328"}],"version-history":[{"count":0,"href":"https:\/\/linitiative.ca\/International\/wp-json\/wp\/v2\/posts\/139328\/revisions"}],"wp:attachment":[{"href":"https:\/\/linitiative.ca\/International\/wp-json\/wp\/v2\/media?parent=139328"}],"wp:term":[{"taxonomy":"category","embeddable":true,"href":"https:\/\/linitiative.ca\/International\/wp-json\/wp\/v2\/categories?post=139328"},{"taxonomy":"post_tag","embeddable":true,"href":"https:\/\/linitiative.ca\/International\/wp-json\/wp\/v2\/tags?post=139328"}],"curies":[{"name":"wp","href":"https:\/\/api.w.org\/{rel}","templated":true}]}}