{"id":139330,"date":"2022-01-24T13:41:05","date_gmt":"2022-01-24T18:41:05","guid":{"rendered":"https:\/\/linitiative.ca\/International\/pproliferation-des-osc-au-burkina-il-est-temps-de-mettre-de-lordre-dans-le-milieu\/"},"modified":"2022-01-24T13:41:05","modified_gmt":"2022-01-24T18:41:05","slug":"pproliferation-des-osc-au-burkina-il-est-temps-de-mettre-de-lordre-dans-le-milieu","status":"publish","type":"post","link":"https:\/\/linitiative.ca\/International\/pproliferation-des-osc-au-burkina-il-est-temps-de-mettre-de-lordre-dans-le-milieu\/","title":{"rendered":"PPROLIFERATION DES OSC AU BURKINA: Il est temps de mettre de l\u2019ordre dans le milieu"},"content":{"rendered":"<div>\n<p><img decoding=\"async\" width=\"1137\" height=\"636\" src=\"https:\/\/linitiative.ca\/International\/wp-content\/uploads\/sites\/23\/2022\/01\/lepaysresponsive-4.png\" class=\"attachment- default-featured-img\" alt=\"\" loading=\"lazy\" srcset=\"https:\/\/linitiative.ca\/International\/wp-content\/uploads\/sites\/23\/2022\/01\/lepaysresponsive-4.png 1137w, https:\/\/lepays.bf\/wp-content\/uploads\/2017\/07\/lepaysresponsive-300x168.png 300w, https:\/\/lepays.bf\/wp-content\/uploads\/2017\/07\/lepaysresponsive-768x430.png 768w, https:\/\/lepays.bf\/wp-content\/uploads\/2017\/07\/lepaysresponsive-1024x573.png 1024w\" sizes=\"auto, (max-width: 1137px) 100vw, 1137px\">Plus un seul jour ne passe au Burkina sans que l\u2019on n\u2019assiste \u00e0 la naissance d\u2019une nouvelle Organisation de la soci\u00e9t\u00e9 civile (OSC). L\u2019espace public est satur\u00e9 de ces regroupements h\u00e9t\u00e9roclites qui rivalisent autant de noms que de d\u00e9clarations dans la presse ou sur les r\u00e9seaux sociaux, \u00a0si ce ne sont leurs leaders qui se \u2026<\/p>\n<p>L\u2019article <a rel=\"nofollow\" href=\"https:\/\/lepays.bf\/pproliferation-des-osc-au-burkina-il-est-temps-de-mettre-de-lordre-dans-le-milieu\/\">PPROLIFERATION DES OSC AU BURKINA: Il est temps de mettre de l\u2019ordre dans le milieu<\/a> est apparu en premier sur <a rel=\"nofollow\" href=\"https:\/\/lepays.bf\/\">Editions Le Pays<\/a>.<\/p>\n<\/div>\n<p>Auteur: Editions LEPAYS<br \/>\n<a href=\"https:\/\/lepays.bf\/pproliferation-des-osc-au-burkina-il-est-temps-de-mettre-de-lordre-dans-le-milieu\/\">Cliquez ici pour lire l&rsquo;article depuis sa source.<\/a><\/p>\n","protected":false},"excerpt":{"rendered":"<p>Plus un seul jour ne passe au Burkina sans que l\u2019on n\u2019assiste \u00e0 la naissance d\u2019une nouvelle Organisation de la soci\u00e9t\u00e9 civile (OSC). L\u2019espace public est satur\u00e9 de ces regroupements h\u00e9t\u00e9roclites qui rivalisent autant de noms que de d\u00e9clarations dans la presse ou sur les r\u00e9seaux sociaux, \u00a0si ce ne sont leurs leaders qui se [&hellip;]<\/p>\n","protected":false},"author":1813,"featured_media":0,"comment_status":"closed","ping_status":"closed","sticky":false,"template":"","format":"standard","meta":{"fifu_image_url":"https:\/\/lepays.bf\/wp-content\/uploads\/2017\/07\/lepaysresponsive.png","fifu_image_alt":"PPROLIFERATION DES OSC AU BURKINA: Il est temps de mettre de l\u2019ordre dans le milieu","footnotes":""},"categories":[73,81],"tags":[],"class_list":["post-139330","post","type-post","status-publish","format-standard","hentry","category-actualite","category-burkina-faso"],"_links":{"self":[{"href":"https:\/\/linitiative.ca\/International\/wp-json\/wp\/v2\/posts\/139330","targetHints":{"allow":["GET"]}}],"collection":[{"href":"https:\/\/linitiative.ca\/International\/wp-json\/wp\/v2\/posts"}],"about":[{"href":"https:\/\/linitiative.ca\/International\/wp-json\/wp\/v2\/types\/post"}],"author":[{"embeddable":true,"href":"https:\/\/linitiative.ca\/International\/wp-json\/wp\/v2\/users\/1813"}],"replies":[{"embeddable":true,"href":"https:\/\/linitiative.ca\/International\/wp-json\/wp\/v2\/comments?post=139330"}],"version-history":[{"count":0,"href":"https:\/\/linitiative.ca\/International\/wp-json\/wp\/v2\/posts\/139330\/revisions"}],"wp:attachment":[{"href":"https:\/\/linitiative.ca\/International\/wp-json\/wp\/v2\/media?parent=139330"}],"wp:term":[{"taxonomy":"category","embeddable":true,"href":"https:\/\/linitiative.ca\/International\/wp-json\/wp\/v2\/categories?post=139330"},{"taxonomy":"post_tag","embeddable":true,"href":"https:\/\/linitiative.ca\/International\/wp-json\/wp\/v2\/tags?post=139330"}],"curies":[{"name":"wp","href":"https:\/\/api.w.org\/{rel}","templated":true}]}}