{"id":139334,"date":"2022-01-24T10:28:21","date_gmt":"2022-01-24T15:28:21","guid":{"rendered":"https:\/\/linitiative.ca\/International\/burkina-la-cedeao-demande-aux-militaires-de-retourner-dans-les-casernes\/"},"modified":"2022-01-24T10:28:21","modified_gmt":"2022-01-24T15:28:21","slug":"burkina-la-cedeao-demande-aux-militaires-de-retourner-dans-les-casernes","status":"publish","type":"post","link":"https:\/\/linitiative.ca\/International\/burkina-la-cedeao-demande-aux-militaires-de-retourner-dans-les-casernes\/","title":{"rendered":"Burkina : La CEDEAO \u00ab\u00a0demande aux militaires de retourner dans les casernes\u00a0\u00bb"},"content":{"rendered":"<div>\n<p>La Commission de\u00a0la CEDEAO a r\u00e9agi ce lundi 24 janvier 2022 \u00e0 la situation du Burkina Faso dans un communiqu\u00e9. Elle a index\u00e9 une<em>\u00a0\u00ab\u00a0tentative de coup d\u2019Etat\u00a0\u00bb<\/em>. La CEDEAO condamne \u00ab\u00a0cet acte d\u2019une extr\u00eame gravit\u00e9 qui ne saurait \u00eatre tol\u00e8re au regard des dispositions r\u00e8glementaires pertinentes\u00a0\u00bb. Dans le communiqu\u00e9, l\u2019organisation\u00a0<em>\u00ab\u00a0tient les militaires pour responsables de l\u2019int\u00e9grit\u00e9 physique du Pr\u00e9sident Roch Marc Christian Kabor\u00e9\u00a0\u00bb.<\/em><\/p>\n<p>Aussi, la CEDEAO demande aux militaires de retourner dans les casernes, de maintenir une posture r\u00e9publicaine et de privil\u00e9gier le dialogue avec les autorit\u00e9s pour r\u00e9soudre les probl\u00e8mes.<\/p>\n<p><strong>La R\u00e9daction<\/strong><\/p>\n<p><a href=\"https:\/\/www.sidwaya.info\/wp-content\/uploads\/2022\/01\/Communique-Burkina_220124_132338.pdf\">Communiqu\u00e9 Burkina_220124_132338<\/a><\/p>\n<p>\u00a0<\/p>\n<p>\u00a0<\/p>\n<p>L\u2019article <a rel=\"nofollow\" href=\"https:\/\/www.sidwaya.info\/blog\/2022\/01\/24\/burkina-la-cedeao-demande-aux-militaires-de-retourner-dans-les-casernes\/\">Burkina : La CEDEAO \u00ab\u00a0demande aux militaires de retourner dans les casernes\u00a0\u00bb<\/a> est apparu en premier sur <a rel=\"nofollow\" href=\"https:\/\/www.sidwaya.info\/\">Quotidien Sidwaya<\/a>.<\/p>\n<\/div>\n<p>Auteur: Wamini SIDWAYA<br \/>\n<a href=\"https:\/\/www.sidwaya.info\/blog\/2022\/01\/24\/burkina-la-cedeao-demande-aux-militaires-de-retourner-dans-les-casernes\/?utm_source=rss&#038;utm_medium=rss&#038;utm_campaign=burkina-la-cedeao-demande-aux-militaires-de-retourner-dans-les-casernes\">Cliquez ici pour lire l&rsquo;article depuis sa source.<\/a><\/p>\n","protected":false},"excerpt":{"rendered":"<p>La Commission de\u00a0la CEDEAO a r\u00e9agi ce lundi 24 janvier 2022 \u00e0 la situation du Burkina Faso dans un communiqu\u00e9. Elle a index\u00e9 une\u00a0\u00ab\u00a0tentative de coup d\u2019Etat\u00a0\u00bb. La CEDEAO condamne \u00ab\u00a0cet acte d\u2019une extr\u00eame gravit\u00e9 qui ne saurait \u00eatre tol\u00e8re au regard des dispositions r\u00e8glementaires pertinentes\u00a0\u00bb. Dans le communiqu\u00e9, l\u2019organisation\u00a0\u00ab\u00a0tient les militaires pour responsables de [&hellip;]<\/p>\n","protected":false},"author":1816,"featured_media":0,"comment_status":"closed","ping_status":"closed","sticky":false,"template":"","format":"standard","meta":{"fifu_image_url":"","fifu_image_alt":"","footnotes":""},"categories":[73,81],"tags":[],"class_list":["post-139334","post","type-post","status-publish","format-standard","hentry","category-actualite","category-burkina-faso"],"_links":{"self":[{"href":"https:\/\/linitiative.ca\/International\/wp-json\/wp\/v2\/posts\/139334","targetHints":{"allow":["GET"]}}],"collection":[{"href":"https:\/\/linitiative.ca\/International\/wp-json\/wp\/v2\/posts"}],"about":[{"href":"https:\/\/linitiative.ca\/International\/wp-json\/wp\/v2\/types\/post"}],"author":[{"embeddable":true,"href":"https:\/\/linitiative.ca\/International\/wp-json\/wp\/v2\/users\/1816"}],"replies":[{"embeddable":true,"href":"https:\/\/linitiative.ca\/International\/wp-json\/wp\/v2\/comments?post=139334"}],"version-history":[{"count":0,"href":"https:\/\/linitiative.ca\/International\/wp-json\/wp\/v2\/posts\/139334\/revisions"}],"wp:attachment":[{"href":"https:\/\/linitiative.ca\/International\/wp-json\/wp\/v2\/media?parent=139334"}],"wp:term":[{"taxonomy":"category","embeddable":true,"href":"https:\/\/linitiative.ca\/International\/wp-json\/wp\/v2\/categories?post=139334"},{"taxonomy":"post_tag","embeddable":true,"href":"https:\/\/linitiative.ca\/International\/wp-json\/wp\/v2\/tags?post=139334"}],"curies":[{"name":"wp","href":"https:\/\/api.w.org\/{rel}","templated":true}]}}