{"id":139335,"date":"2022-01-24T13:19:17","date_gmt":"2022-01-24T18:19:17","guid":{"rendered":"https:\/\/linitiative.ca\/International\/coup-detat-au-burkina-faso-le-lieutenant-colonel-paul-henri-sandaogo-damiba-prend-le-pouvoir\/"},"modified":"2022-01-24T13:19:17","modified_gmt":"2022-01-24T18:19:17","slug":"coup-detat-au-burkina-faso-le-lieutenant-colonel-paul-henri-sandaogo-damiba-prend-le-pouvoir","status":"publish","type":"post","link":"https:\/\/linitiative.ca\/International\/coup-detat-au-burkina-faso-le-lieutenant-colonel-paul-henri-sandaogo-damiba-prend-le-pouvoir\/","title":{"rendered":"Coup d\u2019Etat au Burkina Faso : Le Lieutenant Colonel Paul-Henri Sandaogo Damiba prend le pouvoir"},"content":{"rendered":"<div>\n<p>Le lieutenant-colonel Paul-Henri Sandaogo Damiba est \u00e0 la t\u00eate du coup d\u2019Etat qui a fait tomber Roch Kabor\u00e9. Il est le nouvel homme fort du Burkina Faso. Il est \u00e0 la t\u00eate du Mouvement patriotique pour la sauvegarde et la restauration (MPSR). Il a d\u00e9clar\u00e9 ce lundi 24 janvier 2022 mettre fin au pouvoir du pr\u00e9sident Roch Marc Christian Kabor\u00e9, la dissolution des institutions de la r\u00e9publique et de la Constitution, la fermeture des fronti\u00e8res. Un couvre-feu est instaur\u00e9 de 21h \u00e0 5h. Il assure par ailleurs que la prise du pouvoir du MPSR a \u00e9t\u00e9 faite avec le concours de l\u2019ensemble des forces arm\u00e9es du pays. A la t\u00e9l\u00e9vision nationale, les militaires ont assur\u00e9 avoir pris le pouvoir sans effusion de sang.<\/p>\n<p>La R\u00e9daction<\/p>\n<p>L\u2019article <a rel=\"nofollow\" href=\"https:\/\/www.sidwaya.info\/blog\/2022\/01\/24\/coup-detat-au-burkina-faso-le-lieutenant-colonel-paul-henri-sandaogo-damiba-prend-le-pouvoir\/\">Coup d\u2019Etat au Burkina Faso : Le Lieutenant Colonel Paul-Henri Sandaogo Damiba prend le pouvoir<\/a> est apparu en premier sur <a rel=\"nofollow\" href=\"https:\/\/www.sidwaya.info\/\">Quotidien Sidwaya<\/a>.<\/p>\n<\/div>\n<p>Auteur: Wamini SIDWAYA<br \/>\n<a href=\"https:\/\/www.sidwaya.info\/blog\/2022\/01\/24\/coup-detat-au-burkina-faso-le-lieutenant-colonel-paul-henri-sandaogo-damiba-prend-le-pouvoir\/?utm_source=rss&#038;utm_medium=rss&#038;utm_campaign=coup-detat-au-burkina-faso-le-lieutenant-colonel-paul-henri-sandaogo-damiba-prend-le-pouvoir\">Cliquez ici pour lire l&rsquo;article depuis sa source.<\/a><\/p>\n","protected":false},"excerpt":{"rendered":"<p>Le lieutenant-colonel Paul-Henri Sandaogo Damiba est \u00e0 la t\u00eate du coup d\u2019Etat qui a fait tomber Roch Kabor\u00e9. Il est le nouvel homme fort du Burkina Faso. Il est \u00e0 la t\u00eate du Mouvement patriotique pour la sauvegarde et la restauration (MPSR). Il a d\u00e9clar\u00e9 ce lundi 24 janvier 2022 mettre fin au pouvoir du [&hellip;]<\/p>\n","protected":false},"author":1816,"featured_media":0,"comment_status":"closed","ping_status":"closed","sticky":false,"template":"","format":"standard","meta":{"fifu_image_url":"","fifu_image_alt":"","footnotes":""},"categories":[73,81],"tags":[],"class_list":["post-139335","post","type-post","status-publish","format-standard","hentry","category-actualite","category-burkina-faso"],"_links":{"self":[{"href":"https:\/\/linitiative.ca\/International\/wp-json\/wp\/v2\/posts\/139335","targetHints":{"allow":["GET"]}}],"collection":[{"href":"https:\/\/linitiative.ca\/International\/wp-json\/wp\/v2\/posts"}],"about":[{"href":"https:\/\/linitiative.ca\/International\/wp-json\/wp\/v2\/types\/post"}],"author":[{"embeddable":true,"href":"https:\/\/linitiative.ca\/International\/wp-json\/wp\/v2\/users\/1816"}],"replies":[{"embeddable":true,"href":"https:\/\/linitiative.ca\/International\/wp-json\/wp\/v2\/comments?post=139335"}],"version-history":[{"count":0,"href":"https:\/\/linitiative.ca\/International\/wp-json\/wp\/v2\/posts\/139335\/revisions"}],"wp:attachment":[{"href":"https:\/\/linitiative.ca\/International\/wp-json\/wp\/v2\/media?parent=139335"}],"wp:term":[{"taxonomy":"category","embeddable":true,"href":"https:\/\/linitiative.ca\/International\/wp-json\/wp\/v2\/categories?post=139335"},{"taxonomy":"post_tag","embeddable":true,"href":"https:\/\/linitiative.ca\/International\/wp-json\/wp\/v2\/tags?post=139335"}],"curies":[{"name":"wp","href":"https:\/\/api.w.org\/{rel}","templated":true}]}}