{"id":139339,"date":"2022-01-24T11:51:46","date_gmt":"2022-01-24T16:51:46","guid":{"rendered":"https:\/\/linitiative.ca\/International\/cameroun-gastronomie-la-cuisine-camerounaise-cherche-preneurs\/"},"modified":"2022-01-24T11:51:46","modified_gmt":"2022-01-24T16:51:46","slug":"cameroun-gastronomie-la-cuisine-camerounaise-cherche-preneurs","status":"publish","type":"post","link":"https:\/\/linitiative.ca\/International\/cameroun-gastronomie-la-cuisine-camerounaise-cherche-preneurs\/","title":{"rendered":"Cameroun-gastronomie : la cuisine camerounaise cherche preneurs"},"content":{"rendered":"<div>\n<p><img decoding=\"async\" width=\"1080\" height=\"607\" src=\"https:\/\/linitiative.ca\/International\/wp-content\/uploads\/sites\/23\/2022\/01\/a82fcbaa8ce713df6dd10cf3d50bf133-1.png\" class=\"attachment-post-thumbnail size-post-thumbnail wp-post-image\" alt=\"Derni\u00e8re \u00e9dition avec le ministre d\u2019Etat Bello Bouba Ma\u00efgari en charge du Tourisme. journalducameroun.com\" loading=\"lazy\" srcset=\"https:\/\/linitiative.ca\/International\/wp-content\/uploads\/sites\/23\/2022\/01\/a82fcbaa8ce713df6dd10cf3d50bf133-1.png 1080w, https:\/\/www.journalducameroun.com\/wp-content\/uploads\/2022\/01\/a82fcbaa8ce713df6dd10cf3d50bf133-1-300x169.png 300w, https:\/\/www.journalducameroun.com\/wp-content\/uploads\/2022\/01\/a82fcbaa8ce713df6dd10cf3d50bf133-1-1024x576.png 1024w, https:\/\/www.journalducameroun.com\/wp-content\/uploads\/2022\/01\/a82fcbaa8ce713df6dd10cf3d50bf133-1-768x432.png 768w, https:\/\/www.journalducameroun.com\/wp-content\/uploads\/2022\/01\/a82fcbaa8ce713df6dd10cf3d50bf133-1-380x215.png 380w, https:\/\/www.journalducameroun.com\/wp-content\/uploads\/2022\/01\/a82fcbaa8ce713df6dd10cf3d50bf133-1-160x90.png 160w, https:\/\/www.journalducameroun.com\/wp-content\/uploads\/2022\/01\/a82fcbaa8ce713df6dd10cf3d50bf133-1-240x135.png 240w, https:\/\/www.journalducameroun.com\/wp-content\/uploads\/2022\/01\/a82fcbaa8ce713df6dd10cf3d50bf133-1-783x440.png 783w, https:\/\/www.journalducameroun.com\/wp-content\/uploads\/2022\/01\/a82fcbaa8ce713df6dd10cf3d50bf133-1-600x337.png 600w\" sizes=\"auto, (max-width: 1080px) 100vw, 1080px\"><\/p>\n<p><strong><span style=\"font-size: 10pt;\">C\u2019est dans le cadre d\u2019une foire d\u00e9nomm\u00e9e festival des Saveurs du Cameroun et du monde. Il sera question de pr\u00e9senter et de valoriser les mati\u00e8res culinaires du pays.<\/span><\/strong><\/p>\n<p>\u00a0<\/p>\n<p>Du 24 au 29 janvier 2022, le Palais des Congr\u00e8s de Yaound\u00e9 sera le si\u00e8ge des saveurs made in Cameroun. Ce sera dans le cadre des activit\u00e9s de la Cha\u00eene des restaurateurs pour la promotion du patrimoine de la cuisine camerounaise, Crespac qui veut profiter de la tenue de la Coupe d\u2019Afrique des nations pour pr\u00e9senter les atouts culinaires que regorge le 237.<\/p>\n<p>L\u2019\u00e9v\u00e8nement qui est \u00e0 sa deuxi\u00e8me \u00e9dition s\u2019est dot\u00e9 du nom Festival des Saveurs du Cameroun et du Monde. Le th\u00e8me attribu\u00e9 cette ann\u00e9e est \u00ab Sport et gastronomie africaine, un esprit sain dans un corps sain \u00bb et il est plac\u00e9 sous le haut patronage du Premier ministre, chef du gouvernement.<\/p>\n<p><img loading=\"lazy\" decoding=\"async\" class=\"alignnone size-medium wp-image-402161\" src=\"https:\/\/linitiative.ca\/International\/wp-content\/uploads\/sites\/23\/2022\/01\/5a670d321e8245a3395a3b6b8bb2d4e5-1-300x300-1.png\" alt=\"\" width=\"300\" height=\"300\"><\/p>\n<p>Durant cette p\u00e9riode, les mets traditionnels des diff\u00e9rentes aires culturelles du terroir seront pr\u00e9sent\u00e9s. Au rendez-vous : foire, expositions, ventes, d\u00e9gustations, spectacles, conf\u00e9rences et d\u00e9bat. L\u2019\u00e9v\u00e8nement va \u00e9galement s\u2019agrainer autour de la pr\u00e9sentation des m\u00e9tiers de la restauration par des tables rondes et des \u00e9changes avec des hommes de m\u00e9dias.<\/p>\n<p>L\u2019objectif recherch\u00e9 selon les organisateurs, est de mettre en vitrine les m\u00e9tiers de la restauration, tout entretenant les jeunes qui se lancent dans cette profession afin de leur donner une orientation pr\u00e9cise.<\/p>\n<p>Une initiative qui vient booster et renforcer le c\u00f4t\u00e9 touristique du Cameroun ; la gastronomie \u00e9tant\u00a0 selon l\u2019Organisation mondiale du tourisme l\u2019un des principaux leviers en mati\u00e8re de motivation pour visiter un pays. Et au Cameroun, la strat\u00e9gie nationale de d\u00e9veloppement, SND 2020-2030, classe le tourisme gastronomique troisi\u00e8me apr\u00e8s la culture et la nature, comme \u00e9tant un important vecteur de d\u00e9veloppement.<\/p>\n<p>Cet article <a rel=\"nofollow\" href=\"https:\/\/www.journalducameroun.com\/cameroun-gastronomie-la-cuisine-camerounaise-cherche-preneurs\/\">Cameroun-gastronomie : la cuisine camerounaise cherche preneurs<\/a> est apparu en premier sur <a rel=\"nofollow\" href=\"https:\/\/www.journalducameroun.com\/\">Journal du Cameroun<\/a>.<\/p>\n<\/div>\n<p>Auteur: Florine MOUANO<br \/>\n<a href=\"https:\/\/www.journalducameroun.com\/cameroun-gastronomie-la-cuisine-camerounaise-cherche-preneurs\/\">Cliquez ici pour lire l&rsquo;article depuis sa source.<\/a><\/p>\n","protected":false},"excerpt":{"rendered":"<p>C\u2019est dans le cadre d\u2019une foire d\u00e9nomm\u00e9e festival des Saveurs du Cameroun et du monde. Il sera question de pr\u00e9senter et de valoriser les mati\u00e8res culinaires du pays. \u00a0 Du 24 au 29 janvier 2022, le Palais des Congr\u00e8s de Yaound\u00e9 sera le si\u00e8ge des saveurs made in Cameroun. Ce sera dans le cadre des [&hellip;]<\/p>\n","protected":false},"author":1965,"featured_media":0,"comment_status":"closed","ping_status":"closed","sticky":false,"template":"","format":"standard","meta":{"fifu_image_url":"https:\/\/www.journalducameroun.com\/wp-content\/uploads\/2022\/01\/a82fcbaa8ce713df6dd10cf3d50bf133-1.png","fifu_image_alt":"Cameroun-gastronomie : la cuisine camerounaise cherche preneurs","footnotes":""},"categories":[73,82],"tags":[],"class_list":["post-139339","post","type-post","status-publish","format-standard","hentry","category-actualite","category-cameroun"],"_links":{"self":[{"href":"https:\/\/linitiative.ca\/International\/wp-json\/wp\/v2\/posts\/139339","targetHints":{"allow":["GET"]}}],"collection":[{"href":"https:\/\/linitiative.ca\/International\/wp-json\/wp\/v2\/posts"}],"about":[{"href":"https:\/\/linitiative.ca\/International\/wp-json\/wp\/v2\/types\/post"}],"author":[{"embeddable":true,"href":"https:\/\/linitiative.ca\/International\/wp-json\/wp\/v2\/users\/1965"}],"replies":[{"embeddable":true,"href":"https:\/\/linitiative.ca\/International\/wp-json\/wp\/v2\/comments?post=139339"}],"version-history":[{"count":0,"href":"https:\/\/linitiative.ca\/International\/wp-json\/wp\/v2\/posts\/139339\/revisions"}],"wp:attachment":[{"href":"https:\/\/linitiative.ca\/International\/wp-json\/wp\/v2\/media?parent=139339"}],"wp:term":[{"taxonomy":"category","embeddable":true,"href":"https:\/\/linitiative.ca\/International\/wp-json\/wp\/v2\/categories?post=139339"},{"taxonomy":"post_tag","embeddable":true,"href":"https:\/\/linitiative.ca\/International\/wp-json\/wp\/v2\/tags?post=139339"}],"curies":[{"name":"wp","href":"https:\/\/api.w.org\/{rel}","templated":true}]}}