{"id":139342,"date":"2022-01-24T14:18:03","date_gmt":"2022-01-24T19:18:03","guid":{"rendered":"https:\/\/linitiative.ca\/International\/burkina-faso-destitution-du-president-roch-marc-christian-kabore\/"},"modified":"2022-01-24T14:18:03","modified_gmt":"2022-01-24T19:18:03","slug":"burkina-faso-destitution-du-president-roch-marc-christian-kabore","status":"publish","type":"post","link":"https:\/\/linitiative.ca\/International\/burkina-faso-destitution-du-president-roch-marc-christian-kabore\/","title":{"rendered":"Burkina Faso : destitution du pr\u00e9sident Roch Marc Christian Kabor\u00e9"},"content":{"rendered":"<div>\n<p><img decoding=\"async\" width=\"250\" height=\"200\" src=\"https:\/\/linitiative.ca\/International\/wp-content\/uploads\/sites\/23\/2022\/01\/16430518836895.jpg\" class=\"attachment-post-thumbnail size-post-thumbnail wp-post-image\" alt=\"\" loading=\"lazy\"><\/p>\n<p>Des militaires annoncent avoir pris le pouvoir \u00e0 Ouagadougou.Apr\u00e8s le Mali et la Guin\u00e9e, le Burkina Faso est le troisi\u00e8me pays de la sous-r\u00e9gion \u00e0 connaitre un coup d&rsquo;Etat en l&rsquo;espace de quelques mois. Des militaires regroup\u00e9s au sein du Mouvement patriotique pour la sauvegarde et la restauration (MPSR) ont ainsi mis fin ce lundi 24 janvier \u00e0 la pr\u00e9sidence de Roch Marc Christian Kabor\u00e9.<\/p>\n<p>Dans une d\u00e9claration sign\u00e9e par le lieutenant-colonel Paul Henri Sandaogo Damiba et lue \u00e0 la t\u00e9l\u00e9vision nationale, le MPSR a annonc\u00e9 avoir d\u00e9pos\u00e9 le chef de l&rsquo;Etat, suspendu les principales institutions du pays, ferm\u00e9 les fronti\u00e8res et mis en place un couvre-feu.<\/p>\n<p>\u00ab Une d\u00e9cision prise dans le seul but de permettre \u00e0 notre pays de se remettre sur le bon chemin et de rassembler toutes ses forces afin de lutter pour son int\u00e9grit\u00e9 territoriale, son redressement et sa souverainet\u00e9 \u00bb, affirment les mutins dans leur d\u00e9claration.<\/p>\n<p>Candidat du Mouvement du peuple pour le progr\u00e8s (MPP) \u00e0 l&rsquo;\u00e9lection pr\u00e9sidentielle de 2015, Roch Marc Christian Kabor\u00e9 a \u00e9t\u00e9 \u00e9lu d\u00e8s le premier tour pour un mandat de cinq ans avec 53,49 % des voix. En 2020, il a \u00e9t\u00e9 r\u00e9\u00e9lu pour un second mandat d\u00e8s le premier tour avec 57,87 % des voix.<\/p>\n<p>\u00c9conomiste de formation, il a exerc\u00e9 plusieurs fonctions minist\u00e9rielles, avant de diriger la Primature de 1994 \u00e0 1996.<\/p>\n<p>Cet article <a rel=\"nofollow\" href=\"https:\/\/www.journalducameroun.com\/burkina-faso-destitution-du-president-roch-marc-christian-kabore\/\">Burkina Faso : destitution du pr\u00e9sident Roch Marc Christian Kabor\u00e9<\/a> est apparu en premier sur <a rel=\"nofollow\" href=\"https:\/\/www.journalducameroun.com\/\">Journal du Cameroun<\/a>.<\/p>\n<\/div>\n<p>Auteur: APA News<br \/>\n<a href=\"https:\/\/www.journalducameroun.com\/burkina-faso-destitution-du-president-roch-marc-christian-kabore\/\">Cliquez ici pour lire l&rsquo;article depuis sa source.<\/a><\/p>\n","protected":false},"excerpt":{"rendered":"<p>Des militaires annoncent avoir pris le pouvoir \u00e0 Ouagadougou.Apr\u00e8s le Mali et la Guin\u00e9e, le Burkina Faso est le troisi\u00e8me pays de la sous-r\u00e9gion \u00e0 connaitre un coup d&rsquo;Etat en l&rsquo;espace de quelques mois. Des militaires regroup\u00e9s au sein du Mouvement patriotique pour la sauvegarde et la restauration (MPSR) ont ainsi mis fin ce lundi [&hellip;]<\/p>\n","protected":false},"author":1965,"featured_media":0,"comment_status":"closed","ping_status":"closed","sticky":false,"template":"","format":"standard","meta":{"fifu_image_url":"https:\/\/www.journalducameroun.com\/wp-content\/uploads\/2022\/01\/16430518836895.jpg","fifu_image_alt":"Burkina Faso : destitution du pr\u00e9sident Roch Marc Christian Kabor\u00e9","footnotes":""},"categories":[73,82],"tags":[],"class_list":["post-139342","post","type-post","status-publish","format-standard","hentry","category-actualite","category-cameroun"],"_links":{"self":[{"href":"https:\/\/linitiative.ca\/International\/wp-json\/wp\/v2\/posts\/139342","targetHints":{"allow":["GET"]}}],"collection":[{"href":"https:\/\/linitiative.ca\/International\/wp-json\/wp\/v2\/posts"}],"about":[{"href":"https:\/\/linitiative.ca\/International\/wp-json\/wp\/v2\/types\/post"}],"author":[{"embeddable":true,"href":"https:\/\/linitiative.ca\/International\/wp-json\/wp\/v2\/users\/1965"}],"replies":[{"embeddable":true,"href":"https:\/\/linitiative.ca\/International\/wp-json\/wp\/v2\/comments?post=139342"}],"version-history":[{"count":0,"href":"https:\/\/linitiative.ca\/International\/wp-json\/wp\/v2\/posts\/139342\/revisions"}],"wp:attachment":[{"href":"https:\/\/linitiative.ca\/International\/wp-json\/wp\/v2\/media?parent=139342"}],"wp:term":[{"taxonomy":"category","embeddable":true,"href":"https:\/\/linitiative.ca\/International\/wp-json\/wp\/v2\/categories?post=139342"},{"taxonomy":"post_tag","embeddable":true,"href":"https:\/\/linitiative.ca\/International\/wp-json\/wp\/v2\/tags?post=139342"}],"curies":[{"name":"wp","href":"https:\/\/api.w.org\/{rel}","templated":true}]}}