{"id":139344,"date":"2022-01-24T15:08:55","date_gmt":"2022-01-24T20:08:55","guid":{"rendered":"https:\/\/linitiative.ca\/International\/benin-six-camerounais-poursuivis-pour-faux-passeports-leur-proces-renvoye\/"},"modified":"2022-01-24T15:08:55","modified_gmt":"2022-01-24T20:08:55","slug":"benin-six-camerounais-poursuivis-pour-faux-passeports-leur-proces-renvoye","status":"publish","type":"post","link":"https:\/\/linitiative.ca\/International\/benin-six-camerounais-poursuivis-pour-faux-passeports-leur-proces-renvoye\/","title":{"rendered":"B\u00e9nin : six camerounais poursuivis pour faux passeports, leur proc\u00e8s renvoy\u00e9"},"content":{"rendered":"<div>\n<p><img decoding=\"async\" width=\"560\" height=\"374\" src=\"https:\/\/linitiative.ca\/International\/wp-content\/uploads\/sites\/23\/2022\/01\/Florent-Edgard-Agbo.jpg\" class=\"attachment-post-thumbnail size-post-thumbnail wp-post-image\" alt=\"\" loading=\"lazy\" srcset=\"https:\/\/linitiative.ca\/International\/wp-content\/uploads\/sites\/23\/2022\/01\/Florent-Edgard-Agbo.jpg 560w, https:\/\/www.journalducameroun.com\/wp-content\/uploads\/2022\/01\/Florent-Edgard-Agbo-300x200.jpg 300w\" sizes=\"auto, (max-width: 560px) 100vw, 560px\"><\/p>\n<p><span style=\"font-size: 10pt;\">La Criet renvoie l\u2019affaire des six Camerounais, du commissaire divisionnaire Florent Edgard Agbo et ses autres co-accus\u00e9s poursuivis dans l\u2019affaire des faux passeports, au lundi 07 f\u00e9vrier 2022.<\/span><\/p>\n<p>\u00a0<\/p>\n<p>Le commissaire\u00a0<strong>Florent Edgard Agbo<\/strong>, six\u00a0<strong>Camerounais<\/strong>, des policiers b\u00e9ninois et un chef de quartier \u00e9taient devant le juge\u00a0ce lundi 24 janvier 2022. Ils sont poursuivis pour \u00ab\u00a0abus de fonction\u00a0\u00bb, \u00ab\u00a0faux et usage de faux\u00a0\u00bb dans une affaire de faux passeports d\u00e9livr\u00e9s aux Camerounais.<\/p>\n<p>Le proc\u00e8s s\u2019est ouvert ce lundi comme pr\u00e9vu et le juge de la Cour de repression\u00a0des infractions \u00e9conomiques et du terrorisme (Criet) a renvoy\u00e9 l\u2019audience dans deux semaines. Par cons\u00e9quent, les accus\u00e9s n\u2019ont pas \u00e9t\u00e9 fix\u00e9s sur leurs sorts aujourd\u2019hui. Ils retournent \u00e0 la prison o\u00f9 ils s\u00e9journent depuis le 30 d\u00e9cembre\u00a0 2021 en attendant la nouvelle date fix\u00e9e par le juge.<\/p>\n<p>La Criet reproche \u00e0 l\u2019ancien directeur de l\u2019<strong>Emigration<\/strong>\u00a0et de l\u2019<strong>Immigration<\/strong>\u00a0au\u00a0<strong>B\u00e9nin<\/strong>\u00a0d\u2019avoir fait preuve d\u2019abus de fonction en d\u00e9livrant de faux passeports. Ce commissaire divisionnaire, haut grad\u00e9 de la police r\u00e9publicaine, \u00e9tait charg\u00e9 de la d\u00e9livrance des titres de voyage au B\u00e9nin.<\/p>\n<p>L\u2019affaire commence\u00a0un peu avant mi-d\u00e9cembre. Six voyageurs veulent se rendre en\u00a0<strong>Equateur<\/strong>\u00a0en\u00a0<strong>Am\u00e9rique du Sud<\/strong>\u00a0en passant par Istanbul. Ils se pr\u00e9sentent \u00e0 l\u2019a\u00e9roport de Cotonou pour accomplir les formalit\u00e9s polici\u00e8res. La police des airs constate que les passeports b\u00e9ninois dont ils sont d\u00e9tenteurs sont faux.\u00a0La direction de l\u2019Emigration et Immigration est saisie, les faussaires gard\u00e9s puis rel\u00e2ch\u00e9s, relate Rfi<\/p>\n<p>Les investigations de la Brigade \u00e9conomique et financi\u00e8res engag\u00e9es apr\u00e8s vont d\u00e9boucher sur l\u2019arrestation des voyageurs. Ceux-ci sont des Camerounais pr\u00e9sentant des titres de voyage b\u00e9ninois. Le chef de quartier est aussi interpell\u00e9. Il aurait facilit\u00e9 l\u2019\u00e9tablissement des attestations de r\u00e9sidence sans lesquelles aucun titre de voyage ne peut \u00eatre d\u00e9livr\u00e9. Les enqu\u00eates se sont poursuivies jusqu\u2019\u00e0 l\u2019arrestation de six policiers vendredi 21 janvier.<\/p>\n<p>Cet article <a rel=\"nofollow\" href=\"https:\/\/www.journalducameroun.com\/benin-six-camerounais-poursuivis-pour-faux-passeports-leur-proces-renvoye\/\">B\u00e9nin : six camerounais poursuivis pour faux passeports, leur proc\u00e8s renvoy\u00e9<\/a> est apparu en premier sur <a rel=\"nofollow\" href=\"https:\/\/www.journalducameroun.com\/\">Journal du Cameroun<\/a>.<\/p>\n<\/div>\n<p>Auteur: Florine MOUANO<br \/>\n<a href=\"https:\/\/www.journalducameroun.com\/benin-six-camerounais-poursuivis-pour-faux-passeports-leur-proces-renvoye\/\">Cliquez ici pour lire l&rsquo;article depuis sa source.<\/a><\/p>\n","protected":false},"excerpt":{"rendered":"<p>La Criet renvoie l\u2019affaire des six Camerounais, du commissaire divisionnaire Florent Edgard Agbo et ses autres co-accus\u00e9s poursuivis dans l\u2019affaire des faux passeports, au lundi 07 f\u00e9vrier 2022. \u00a0 Le commissaire\u00a0Florent Edgard Agbo, six\u00a0Camerounais, des policiers b\u00e9ninois et un chef de quartier \u00e9taient devant le juge\u00a0ce lundi 24 janvier 2022. Ils sont poursuivis pour \u00ab\u00a0abus [&hellip;]<\/p>\n","protected":false},"author":1965,"featured_media":0,"comment_status":"closed","ping_status":"closed","sticky":false,"template":"","format":"standard","meta":{"fifu_image_url":"https:\/\/www.journalducameroun.com\/wp-content\/uploads\/2022\/01\/Florent-Edgard-Agbo.jpg","fifu_image_alt":"B\u00e9nin : six camerounais poursuivis pour faux passeports, leur proc\u00e8s renvoy\u00e9","footnotes":""},"categories":[73,82],"tags":[],"class_list":["post-139344","post","type-post","status-publish","format-standard","hentry","category-actualite","category-cameroun"],"_links":{"self":[{"href":"https:\/\/linitiative.ca\/International\/wp-json\/wp\/v2\/posts\/139344","targetHints":{"allow":["GET"]}}],"collection":[{"href":"https:\/\/linitiative.ca\/International\/wp-json\/wp\/v2\/posts"}],"about":[{"href":"https:\/\/linitiative.ca\/International\/wp-json\/wp\/v2\/types\/post"}],"author":[{"embeddable":true,"href":"https:\/\/linitiative.ca\/International\/wp-json\/wp\/v2\/users\/1965"}],"replies":[{"embeddable":true,"href":"https:\/\/linitiative.ca\/International\/wp-json\/wp\/v2\/comments?post=139344"}],"version-history":[{"count":0,"href":"https:\/\/linitiative.ca\/International\/wp-json\/wp\/v2\/posts\/139344\/revisions"}],"wp:attachment":[{"href":"https:\/\/linitiative.ca\/International\/wp-json\/wp\/v2\/media?parent=139344"}],"wp:term":[{"taxonomy":"category","embeddable":true,"href":"https:\/\/linitiative.ca\/International\/wp-json\/wp\/v2\/categories?post=139344"},{"taxonomy":"post_tag","embeddable":true,"href":"https:\/\/linitiative.ca\/International\/wp-json\/wp\/v2\/tags?post=139344"}],"curies":[{"name":"wp","href":"https:\/\/api.w.org\/{rel}","templated":true}]}}