{"id":139346,"date":"2022-01-24T17:12:02","date_gmt":"2022-01-24T22:12:02","guid":{"rendered":"https:\/\/linitiative.ca\/International\/can-2021-la-victoire-du-deuil-des-camerounais\/"},"modified":"2022-01-24T17:12:02","modified_gmt":"2022-01-24T22:12:02","slug":"can-2021-la-victoire-du-deuil-des-camerounais","status":"publish","type":"post","link":"https:\/\/linitiative.ca\/International\/can-2021-la-victoire-du-deuil-des-camerounais\/","title":{"rendered":"Can 2021 : la victoire du deuil des Camerounais"},"content":{"rendered":"<div>\n<p><img decoding=\"async\" width=\"696\" height=\"442\" src=\"https:\/\/linitiative.ca\/International\/wp-content\/uploads\/sites\/23\/2022\/01\/Cameroun-bousculade-au-stade-dOlembe.jpg\" class=\"attachment-post-thumbnail size-post-thumbnail wp-post-image\" alt=\"\" loading=\"lazy\" srcset=\"https:\/\/linitiative.ca\/International\/wp-content\/uploads\/sites\/23\/2022\/01\/Cameroun-bousculade-au-stade-dOlembe.jpg 696w, https:\/\/www.journalducameroun.com\/wp-content\/uploads\/2022\/01\/Cameroun-bousculade-au-stade-dOlembe-300x191.jpg 300w, https:\/\/www.journalducameroun.com\/wp-content\/uploads\/2022\/01\/Cameroun-bousculade-au-stade-dOlembe-693x440.jpg 693w, https:\/\/www.journalducameroun.com\/wp-content\/uploads\/2022\/01\/Cameroun-bousculade-au-stade-dOlembe-600x381.jpg 600w\" sizes=\"auto, (max-width: 696px) 100vw, 696px\"><\/p>\n<h2 style=\"font-weight: 400; text-align: justify;\"><strong>Une grav<\/strong><strong>e bousculade au stade d&rsquo;Olembe avant\u00a0<\/strong><strong>le match des huiti\u00e8mes de finale\u00a0<\/strong><strong>Cameroun-Comores<\/strong><strong>\u00a0(2-1)<\/strong><strong>\u00a0<\/strong><strong>aurait caus\u00e9 de nombreux morts. Des supporters, sans billets, ni pass sanitaires, auraient forc\u00e9 l&rsquo;entr\u00e9e de l&rsquo;enceinte.<\/strong><\/h2>\n<p style=\"font-weight: 400; text-align: justify;\">Les images de personnes \u00e9tendues par terre et secourues par des volontaires circulent sur les r\u00e9seaux sociaux. Selon les premi\u00e8res informations disponibles, au moins <strong>sept personnes<\/strong> auraient trouv\u00e9 la mort lors de cette bousculade meurtri\u00e8re au niveau de l\u2019une des portes d\u2019entr\u00e9e du stade <strong>d\u2019Olembe de Yaound\u00e9<\/strong>, ce lundi 24 janvier.<\/p>\n<p style=\"font-weight: 400; text-align: justify;\">De l\u2019int\u00e9rieur, l\u2019on n\u2019a bien constat\u00e9 que la jauge impos\u00e9e par la CAF pour les matchs du pays h\u00f4te de 80% soit 48\u00a0000 spectateurs n\u2019a pas \u00e9t\u00e9 respect\u00e9e. Le stade d\u2019Olembe a fait son plein d&rsquo;\u0153ufs, avec de nombreux supporters debout.<\/p>\n<p style=\"font-weight: 400; text-align: justify;\">Selon plusieurs sources concordantes, des supporters auraient <strong>forc\u00e9 l&rsquo;entr\u00e9e de l&rsquo;enceinte<\/strong>, causant ainsi une \u00e9norme dispute. Des gens sont morts pi\u00e9tin\u00e9s et \u00e9touff\u00e9s. Les commentateurs de Canal+ Afrique ont notamment fait \u00e9tat de cette bousculade, sans donner plus de pr\u00e9cision.<\/p>\n<p style=\"font-weight: 400; text-align: justify;\">D&rsquo;autres m\u00e9dias, comme LSI Africa, reprennent l&rsquo;information, photos et vid\u00e9os \u00e0 l&rsquo;appui venues des r\u00e9seaux sociaux. Le magistrat <strong>Ebaneck Desmond<\/strong>, parmi les d\u00e9c\u00e9d\u00e9s. Il \u00e9tait en service \u00e0 la Chambre des comptes de la Cour supr\u00eame.<\/p>\n<p>Cet article <a rel=\"nofollow\" href=\"https:\/\/www.journalducameroun.com\/can-2021-la-victoire-du-deuil-des-camerounais\/\">Can 2021 : la victoire du deuil des Camerounais<\/a> est apparu en premier sur <a rel=\"nofollow\" href=\"https:\/\/www.journalducameroun.com\/\">Journal du Cameroun<\/a>.<\/p>\n<\/div>\n<p>Auteur: Emile Zola Nd\u00e9 Tchoussi<br \/>\n<a href=\"https:\/\/www.journalducameroun.com\/can-2021-la-victoire-du-deuil-des-camerounais\/\">Cliquez ici pour lire l&rsquo;article depuis sa source.<\/a><\/p>\n","protected":false},"excerpt":{"rendered":"<p>Une grave bousculade au stade d&rsquo;Olembe avant\u00a0le match des huiti\u00e8mes de finale\u00a0Cameroun-Comores\u00a0(2-1)\u00a0aurait caus\u00e9 de nombreux morts. Des supporters, sans billets, ni pass sanitaires, auraient forc\u00e9 l&rsquo;entr\u00e9e de l&rsquo;enceinte. Les images de personnes \u00e9tendues par terre et secourues par des volontaires circulent sur les r\u00e9seaux sociaux. Selon les premi\u00e8res informations disponibles, au moins sept personnes auraient [&hellip;]<\/p>\n","protected":false},"author":1965,"featured_media":0,"comment_status":"closed","ping_status":"closed","sticky":false,"template":"","format":"standard","meta":{"fifu_image_url":"https:\/\/www.journalducameroun.com\/wp-content\/uploads\/2022\/01\/Cameroun-bousculade-au-stade-dOlembe.jpg","fifu_image_alt":"Can 2021 : la victoire du deuil des Camerounais","footnotes":""},"categories":[73,82],"tags":[],"class_list":["post-139346","post","type-post","status-publish","format-standard","hentry","category-actualite","category-cameroun"],"_links":{"self":[{"href":"https:\/\/linitiative.ca\/International\/wp-json\/wp\/v2\/posts\/139346","targetHints":{"allow":["GET"]}}],"collection":[{"href":"https:\/\/linitiative.ca\/International\/wp-json\/wp\/v2\/posts"}],"about":[{"href":"https:\/\/linitiative.ca\/International\/wp-json\/wp\/v2\/types\/post"}],"author":[{"embeddable":true,"href":"https:\/\/linitiative.ca\/International\/wp-json\/wp\/v2\/users\/1965"}],"replies":[{"embeddable":true,"href":"https:\/\/linitiative.ca\/International\/wp-json\/wp\/v2\/comments?post=139346"}],"version-history":[{"count":0,"href":"https:\/\/linitiative.ca\/International\/wp-json\/wp\/v2\/posts\/139346\/revisions"}],"wp:attachment":[{"href":"https:\/\/linitiative.ca\/International\/wp-json\/wp\/v2\/media?parent=139346"}],"wp:term":[{"taxonomy":"category","embeddable":true,"href":"https:\/\/linitiative.ca\/International\/wp-json\/wp\/v2\/categories?post=139346"},{"taxonomy":"post_tag","embeddable":true,"href":"https:\/\/linitiative.ca\/International\/wp-json\/wp\/v2\/tags?post=139346"}],"curies":[{"name":"wp","href":"https:\/\/api.w.org\/{rel}","templated":true}]}}